{"id":10243,"date":"2021-08-02T16:04:31","date_gmt":"2021-08-02T15:04:31","guid":{"rendered":"http:\/\/yogaandco.fr\/site\/?p=10243"},"modified":"2024-08-30T17:42:13","modified_gmt":"2024-08-30T16:42:13","slug":"6363-2-2","status":"publish","type":"post","link":"https:\/\/yogaandco.fr\/site\/2021\/08\/02\/6363-2-2\/","title":{"rendered":"Yoga restauratif"},"content":{"rendered":"<h1>YOGA RESTAURATIF<\/h1>\n<div class=\"wp-block-columns\">\n<div class=\"wp-block-column\">\n<h2 class=\"lead\"><em>Le yoga restauratif a pour objectif de vous ressourcer profond\u00e9ment<\/em><\/h2>\n<p class=\"lead\">\n<h6>PROFESSEURE<\/h6>\n<p><a href=\"https:\/\/yogaandco.fr\/site\/2021\/07\/01\/agnes-2\/\"><img decoding=\"async\" class=\"alignnone wp-image-9943\" src=\"https:\/\/yogaandco.fr\/site\/wp-content\/uploads\/2021\/07\/AGNES-150x150.jpg\" alt=\"\" width=\"108\" height=\"144\" srcset=\"https:\/\/yogaandco.fr\/site\/wp-content\/uploads\/2021\/07\/AGNES-225x300.jpg 225w, https:\/\/yogaandco.fr\/site\/wp-content\/uploads\/2021\/07\/AGNES-376x500.jpg 376w, https:\/\/yogaandco.fr\/site\/wp-content\/uploads\/2021\/07\/AGNES-768x1022.jpg 768w, https:\/\/yogaandco.fr\/site\/wp-content\/uploads\/2021\/07\/AGNES-1154x1536.jpg 1154w, https:\/\/yogaandco.fr\/site\/wp-content\/uploads\/2021\/07\/AGNES-1539x2048.jpg 1539w, https:\/\/yogaandco.fr\/site\/wp-content\/uploads\/2021\/07\/AGNES-1320x1757.jpg 1320w, https:\/\/yogaandco.fr\/site\/wp-content\/uploads\/2021\/07\/AGNES-scaled.jpg 1442w\" sizes=\"(max-width: 108px) 100vw, 108px\" \/><\/a><\/p>\n<p>La s\u00e9ance a lieu et sous forme d&rsquo;atelier de 2 heures un dimanche par mois.<\/p>\n<\/div>\n<div class=\"wp-block-column\">\n<div class=\"wp-block-group\">\n<div class=\"wp-block-group__inner-container\">\n<p class=\"lead\">\n<p class=\"Corps\">Le yoga restauratif est accessible \u00e0 tous.<\/p>\n<p class=\"Corps\">La s\u00e9ance commence par un \u00e9chauffement, suivi d\u2019un enchainement un peu tonique pour r\u00e9veiller le corps.<\/p>\n<p class=\"Corps\">Suivent ensuite des postures plus douces et m\u00e9ditatives, tenues plus longtemps, afin de d\u00e9nouer et lib\u00e9rer le corps en laissant partir les tensions.<\/p>\n<p class=\"Corps\">L\u2019accent est mis sur la respiration, et une belle relaxation termine la s\u00e9ance pour pour en ressortir r\u00e9g\u00e9n\u00e9r\u00e9.<\/p>\n<\/div>\n<\/div>\n<\/div>\n<\/div>\n<div class=\"wp-block-buttons\">\n<div class=\"wp-block-button is-style-outline\"><a class=\"wp-block-button__link\" href=\"https:\/\/yogaandco.fr\/site\/?page_id=6\" target=\"_blank\" rel=\"noreferrer noopener\">Retour aux activit\u00e9s<\/a><\/div>\n<\/div>\n<p class=\"lead\">\n<p class=\"lead\">\n","protected":false},"excerpt":{"rendered":"<p>YOGA RESTAURATIF Le yoga restauratif a pour objectif de vous ressourcer profond\u00e9ment PROFESSEURE La s\u00e9ance a lieu et sous forme d&rsquo;atelier de 2 heures un dimanche par mois. Le yoga restauratif est accessible \u00e0 tous. La s\u00e9ance commence par un \u00e9chauffement, suivi d\u2019un enchainement un peu tonique pour r\u00e9veiller le corps. Suivent ensuite des postures &hellip;<\/p>\n<p class=\"read-more\"> <a class=\"\" href=\"https:\/\/yogaandco.fr\/site\/2021\/08\/02\/6363-2-2\/\"> <span class=\"screen-reader-text\">Yoga restauratif<\/span> Lire la suite\u00a0\u00bb<\/a><\/p>\n","protected":false},"author":2,"featured_media":0,"comment_status":"closed","ping_status":"closed","sticky":false,"template":"","format":"standard","meta":{"_monsterinsights_skip_tracking":false,"_monsterinsights_sitenote_active":false,"_monsterinsights_sitenote_note":"","_monsterinsights_sitenote_category":0,"footnotes":""},"categories":[90],"tags":[21,111,102,109,19,110,108],"class_list":["post-10243","post","type-post","status-publish","format-standard","hentry","category-activites-douces","tag-atelier","tag-atelieryoga","tag-paris19","tag-restorativeyoga","tag-yoga","tag-yogadoux","tag-yogarestoratif"],"yoast_head":"<!-- This site is optimized with the Yoast SEO plugin v16.8 - https:\/\/yoast.com\/wordpress\/plugins\/seo\/ -->\n<title>Yoga restauratif - Yoga &amp; co<\/title>\n<meta name=\"robots\" content=\"index, follow, max-snippet:-1, max-image-preview:large, max-video-preview:-1\" \/>\n<link rel=\"canonical\" href=\"https:\/\/yogaandco.fr\/site\/2021\/08\/02\/6363-2-2\/\" \/>\n<meta property=\"og:locale\" content=\"fr_FR\" \/>\n<meta property=\"og:type\" content=\"article\" \/>\n<meta property=\"og:title\" content=\"Yoga restauratif - Yoga &amp; co\" \/>\n<meta property=\"og:description\" content=\"YOGA RESTAURATIF Le yoga restauratif a pour objectif de vous ressourcer profond\u00e9ment PROFESSEURE La s\u00e9ance a lieu et sous forme d&rsquo;atelier de 2 heures un dimanche par mois. Le yoga restauratif est accessible \u00e0 tous. La s\u00e9ance commence par un \u00e9chauffement, suivi d\u2019un enchainement un peu tonique pour r\u00e9veiller le corps. Suivent ensuite des postures &hellip; Yoga restauratif Lire la suite\u00a0\u00bb\" \/>\n<meta property=\"og:url\" content=\"https:\/\/yogaandco.fr\/site\/2021\/08\/02\/6363-2-2\/\" \/>\n<meta property=\"og:site_name\" content=\"Yoga &amp; co\" \/>\n<meta property=\"article:published_time\" content=\"2021-08-02T15:04:31+00:00\" \/>\n<meta property=\"article:modified_time\" content=\"2024-08-30T16:42:13+00:00\" \/>\n<meta property=\"og:image\" content=\"http:\/\/yogaandco.fr\/site\/wp-content\/uploads\/2021\/07\/AGNES-150x150.jpg\" \/>\n<meta name=\"twitter:label1\" content=\"\u00c9crit par\" \/>\n\t<meta name=\"twitter:data1\" content=\"Nadege\" \/>\n\t<meta name=\"twitter:label2\" content=\"Dur\u00e9e de lecture est.\" \/>\n\t<meta name=\"twitter:data2\" content=\"1 minute\" \/>\n<script type=\"application\/ld+json\" class=\"yoast-schema-graph\">{\"@context\":\"https:\/\/schema.org\",\"@graph\":[{\"@type\":\"WebSite\",\"@id\":\"https:\/\/yogaandco.fr\/site\/#website\",\"url\":\"https:\/\/yogaandco.fr\/site\/\",\"name\":\"Yoga &amp; co\",\"description\":\"Yoga pour tous\",\"potentialAction\":[{\"@type\":\"SearchAction\",\"target\":{\"@type\":\"EntryPoint\",\"urlTemplate\":\"https:\/\/yogaandco.fr\/site\/?s={search_term_string}\"},\"query-input\":\"required name=search_term_string\"}],\"inLanguage\":\"fr-FR\"},{\"@type\":\"ImageObject\",\"@id\":\"https:\/\/yogaandco.fr\/site\/2021\/08\/02\/6363-2-2\/#primaryimage\",\"inLanguage\":\"fr-FR\",\"url\":\"http:\/\/yogaandco.fr\/site\/wp-content\/uploads\/2021\/07\/AGNES-150x150.jpg\",\"contentUrl\":\"http:\/\/yogaandco.fr\/site\/wp-content\/uploads\/2021\/07\/AGNES-150x150.jpg\"},{\"@type\":\"WebPage\",\"@id\":\"https:\/\/yogaandco.fr\/site\/2021\/08\/02\/6363-2-2\/#webpage\",\"url\":\"https:\/\/yogaandco.fr\/site\/2021\/08\/02\/6363-2-2\/\",\"name\":\"Yoga restauratif - Yoga &amp; co\",\"isPartOf\":{\"@id\":\"https:\/\/yogaandco.fr\/site\/#website\"},\"primaryImageOfPage\":{\"@id\":\"https:\/\/yogaandco.fr\/site\/2021\/08\/02\/6363-2-2\/#primaryimage\"},\"datePublished\":\"2021-08-02T15:04:31+00:00\",\"dateModified\":\"2024-08-30T16:42:13+00:00\",\"author\":{\"@id\":\"https:\/\/yogaandco.fr\/site\/#\/schema\/person\/5fd8e3d6f5bf476db6483db2b29f9f9b\"},\"breadcrumb\":{\"@id\":\"https:\/\/yogaandco.fr\/site\/2021\/08\/02\/6363-2-2\/#breadcrumb\"},\"inLanguage\":\"fr-FR\",\"potentialAction\":[{\"@type\":\"ReadAction\",\"target\":[\"https:\/\/yogaandco.fr\/site\/2021\/08\/02\/6363-2-2\/\"]}]},{\"@type\":\"BreadcrumbList\",\"@id\":\"https:\/\/yogaandco.fr\/site\/2021\/08\/02\/6363-2-2\/#breadcrumb\",\"itemListElement\":[{\"@type\":\"ListItem\",\"position\":1,\"name\":\"Accueil\",\"item\":\"https:\/\/yogaandco.fr\/site\/\"},{\"@type\":\"ListItem\",\"position\":2,\"name\":\"Yoga restauratif\"}]},{\"@type\":\"Person\",\"@id\":\"https:\/\/yogaandco.fr\/site\/#\/schema\/person\/5fd8e3d6f5bf476db6483db2b29f9f9b\",\"name\":\"Nadege\",\"image\":{\"@type\":\"ImageObject\",\"@id\":\"https:\/\/yogaandco.fr\/site\/#personlogo\",\"inLanguage\":\"fr-FR\",\"url\":\"https:\/\/secure.gravatar.com\/avatar\/1cb5d4fd74c73a8a09ac2842d663788e?s=96&d=mm&r=g\",\"contentUrl\":\"https:\/\/secure.gravatar.com\/avatar\/1cb5d4fd74c73a8a09ac2842d663788e?s=96&d=mm&r=g\",\"caption\":\"Nadege\"},\"sameAs\":[\"http:\/\/paris-yoga.blogspot.fr\/\"],\"url\":\"https:\/\/yogaandco.fr\/site\/author\/nadege\/\"}]}<\/script>\n<!-- \/ Yoast SEO plugin. -->","yoast_head_json":{"title":"Yoga restauratif - Yoga &amp; co","robots":{"index":"index","follow":"follow","max-snippet":"max-snippet:-1","max-image-preview":"max-image-preview:large","max-video-preview":"max-video-preview:-1"},"canonical":"https:\/\/yogaandco.fr\/site\/2021\/08\/02\/6363-2-2\/","og_locale":"fr_FR","og_type":"article","og_title":"Yoga restauratif - Yoga &amp; co","og_description":"YOGA RESTAURATIF Le yoga restauratif a pour objectif de vous ressourcer profond\u00e9ment PROFESSEURE La s\u00e9ance a lieu et sous forme d&rsquo;atelier de 2 heures un dimanche par mois. Le yoga restauratif est accessible \u00e0 tous. La s\u00e9ance commence par un \u00e9chauffement, suivi d\u2019un enchainement un peu tonique pour r\u00e9veiller le corps. Suivent ensuite des postures &hellip; Yoga restauratif Lire la suite\u00a0\u00bb","og_url":"https:\/\/yogaandco.fr\/site\/2021\/08\/02\/6363-2-2\/","og_site_name":"Yoga &amp; co","article_published_time":"2021-08-02T15:04:31+00:00","article_modified_time":"2024-08-30T16:42:13+00:00","og_image":[{"url":"http:\/\/yogaandco.fr\/site\/wp-content\/uploads\/2021\/07\/AGNES-150x150.jpg"}],"twitter_misc":{"\u00c9crit par":"Nadege","Dur\u00e9e de lecture est.":"1 minute"},"schema":{"@context":"https:\/\/schema.org","@graph":[{"@type":"WebSite","@id":"https:\/\/yogaandco.fr\/site\/#website","url":"https:\/\/yogaandco.fr\/site\/","name":"Yoga &amp; co","description":"Yoga pour tous","potentialAction":[{"@type":"SearchAction","target":{"@type":"EntryPoint","urlTemplate":"https:\/\/yogaandco.fr\/site\/?s={search_term_string}"},"query-input":"required name=search_term_string"}],"inLanguage":"fr-FR"},{"@type":"ImageObject","@id":"https:\/\/yogaandco.fr\/site\/2021\/08\/02\/6363-2-2\/#primaryimage","inLanguage":"fr-FR","url":"http:\/\/yogaandco.fr\/site\/wp-content\/uploads\/2021\/07\/AGNES-150x150.jpg","contentUrl":"http:\/\/yogaandco.fr\/site\/wp-content\/uploads\/2021\/07\/AGNES-150x150.jpg"},{"@type":"WebPage","@id":"https:\/\/yogaandco.fr\/site\/2021\/08\/02\/6363-2-2\/#webpage","url":"https:\/\/yogaandco.fr\/site\/2021\/08\/02\/6363-2-2\/","name":"Yoga restauratif - Yoga &amp; co","isPartOf":{"@id":"https:\/\/yogaandco.fr\/site\/#website"},"primaryImageOfPage":{"@id":"https:\/\/yogaandco.fr\/site\/2021\/08\/02\/6363-2-2\/#primaryimage"},"datePublished":"2021-08-02T15:04:31+00:00","dateModified":"2024-08-30T16:42:13+00:00","author":{"@id":"https:\/\/yogaandco.fr\/site\/#\/schema\/person\/5fd8e3d6f5bf476db6483db2b29f9f9b"},"breadcrumb":{"@id":"https:\/\/yogaandco.fr\/site\/2021\/08\/02\/6363-2-2\/#breadcrumb"},"inLanguage":"fr-FR","potentialAction":[{"@type":"ReadAction","target":["https:\/\/yogaandco.fr\/site\/2021\/08\/02\/6363-2-2\/"]}]},{"@type":"BreadcrumbList","@id":"https:\/\/yogaandco.fr\/site\/2021\/08\/02\/6363-2-2\/#breadcrumb","itemListElement":[{"@type":"ListItem","position":1,"name":"Accueil","item":"https:\/\/yogaandco.fr\/site\/"},{"@type":"ListItem","position":2,"name":"Yoga restauratif"}]},{"@type":"Person","@id":"https:\/\/yogaandco.fr\/site\/#\/schema\/person\/5fd8e3d6f5bf476db6483db2b29f9f9b","name":"Nadege","image":{"@type":"ImageObject","@id":"https:\/\/yogaandco.fr\/site\/#personlogo","inLanguage":"fr-FR","url":"https:\/\/secure.gravatar.com\/avatar\/1cb5d4fd74c73a8a09ac2842d663788e?s=96&d=mm&r=g","contentUrl":"https:\/\/secure.gravatar.com\/avatar\/1cb5d4fd74c73a8a09ac2842d663788e?s=96&d=mm&r=g","caption":"Nadege"},"sameAs":["http:\/\/paris-yoga.blogspot.fr\/"],"url":"https:\/\/yogaandco.fr\/site\/author\/nadege\/"}]}},"_links":{"self":[{"href":"https:\/\/yogaandco.fr\/site\/wp-json\/wp\/v2\/posts\/10243"}],"collection":[{"href":"https:\/\/yogaandco.fr\/site\/wp-json\/wp\/v2\/posts"}],"about":[{"href":"https:\/\/yogaandco.fr\/site\/wp-json\/wp\/v2\/types\/post"}],"author":[{"embeddable":true,"href":"https:\/\/yogaandco.fr\/site\/wp-json\/wp\/v2\/users\/2"}],"replies":[{"embeddable":true,"href":"https:\/\/yogaandco.fr\/site\/wp-json\/wp\/v2\/comments?post=10243"}],"version-history":[{"count":8,"href":"https:\/\/yogaandco.fr\/site\/wp-json\/wp\/v2\/posts\/10243\/revisions"}],"predecessor-version":[{"id":12644,"href":"https:\/\/yogaandco.fr\/site\/wp-json\/wp\/v2\/posts\/10243\/revisions\/12644"}],"wp:attachment":[{"href":"https:\/\/yogaandco.fr\/site\/wp-json\/wp\/v2\/media?parent=10243"}],"wp:term":[{"taxonomy":"category","embeddable":true,"href":"https:\/\/yogaandco.fr\/site\/wp-json\/wp\/v2\/categories?post=10243"},{"taxonomy":"post_tag","embeddable":true,"href":"https:\/\/yogaandco.fr\/site\/wp-json\/wp\/v2\/tags?post=10243"}],"curies":[{"name":"wp","href":"https:\/\/api.w.org\/{rel}","templated":true}]}}