{"id":11591,"date":"2021-07-27T18:10:00","date_gmt":"2021-07-27T17:10:00","guid":{"rendered":"https:\/\/yogaandco.fr\/site\/?p=11591"},"modified":"2024-06-14T21:08:42","modified_gmt":"2024-06-14T20:08:42","slug":"nathalie-2","status":"publish","type":"post","link":"https:\/\/yogaandco.fr\/site\/2021\/07\/27\/nathalie-2\/","title":{"rendered":"Nathalie"},"content":{"rendered":"\r\n<div class=\"wp-block-columns is-layout-flex wp-container-core-columns-is-layout-1 wp-block-columns-is-layout-flex\">\r\n<div class=\"wp-block-column is-layout-flow wp-block-column-is-layout-flow\">\r\n<figure class=\"wp-block-image size-large is-style-rounded\"><img decoding=\"async\" width=\"496\" height=\"500\" class=\"wp-image-11592\" src=\"https:\/\/yogaandco.fr\/site\/wp-content\/uploads\/2023\/01\/NATHALIE-HUET-496x500.jpg\" alt=\"\" srcset=\"https:\/\/yogaandco.fr\/site\/wp-content\/uploads\/2023\/01\/NATHALIE-HUET-496x500.jpg 496w, https:\/\/yogaandco.fr\/site\/wp-content\/uploads\/2023\/01\/NATHALIE-HUET-298x300.jpg 298w, https:\/\/yogaandco.fr\/site\/wp-content\/uploads\/2023\/01\/NATHALIE-HUET-150x150.jpg 150w, https:\/\/yogaandco.fr\/site\/wp-content\/uploads\/2023\/01\/NATHALIE-HUET-50x50.jpg 50w, https:\/\/yogaandco.fr\/site\/wp-content\/uploads\/2023\/01\/NATHALIE-HUET-45x45.jpg 45w, https:\/\/yogaandco.fr\/site\/wp-content\/uploads\/2023\/01\/NATHALIE-HUET.jpg 750w\" sizes=\"(max-width: 496px) 100vw, 496px\" \/><\/figure>\r\n<\/div>\r\n\r\n\r\n\r\n<div class=\"wp-block-column is-layout-flow wp-block-column-is-layout-flow\">\r\n<h1>NATHALIE<\/h1>\r\n<h4><a href=\"https:\/\/yogaandco.fr\/site\/2012\/07\/10\/vinasya\/\">Yoga vinyasa , <\/a><a href=\"https:\/\/yogaandco.fr\/site\/2013\/08\/29\/vinyasa-dynamique-yoga-dynamique\/\">Yoga v<\/a><a href=\"https:\/\/yogaandco.fr\/site\/2013\/08\/29\/vinyasa-dynamique-yoga-dynamique\/\">inyasa dynamique<\/a><\/h4>\r\n<p class=\"ox-03902f0463-p2\"><span class=\"ox-03902f0463-s2\">Form\u00e9e chez Yoga Vision et Yoga Alliance en Hatha et Vinyasa Yoga, Nathalie partage une pratique du Vinyasa dont le fil conducteur est l\u2019\u00e9quilibre.\u00a0<\/span><\/p>\r\n<p class=\"ox-03902f0463-p2\">L\u2019\u00e9quilibre s\u2019explore (entre autres) au travers des asanas, postures, \u00a0qui sont nombreuses et vari\u00e9es, tout en \u00e9tant pour la plupart accessibles d\u00e8s les premiers cours. Elles peuvent se faire sur les 2 pieds, sur les pointes de pieds, sur une jambe, sur les bras, les mains et la t\u00eate avec de la pratique.\u00a0<\/p>\r\n<p class=\"ox-03902f0463-p2\">Les cours seront orient\u00e9s pour partir \u00e0 l\u2019exploration de son corps, en prendre conscience, l\u2019\u00e9couter et aller l\u00e0 o\u00f9 on peut aller dans chaque posture de fa\u00e7on stable et confortable. Chacun pourra explorer les variations qui lui conviennent le mieux selon les possibilit\u00e9s de son corps dans l\u2019instant pr\u00e9sent\u00a0<\/p>\r\n<div class=\"\">\u00a0<\/div>\r\n<\/div>\r\n<\/div>\r\n\r\n\r\n\n<div class=\"wp-block-buttons is-content-justification-center is-layout-flex wp-block-buttons-is-layout-flex\">\n<div class=\"wp-block-button is-style-outline is-style-outline--8fd7de0b45561d7b7fb2662738c0782f\"><a class=\"wp-block-button__link has-text-color no-border-radius\" href=\"https:\/\/yogaandco.fr\/site\/?page_id=294\" style=\"color:#2a504d\">Voir les autres professeurs<\/a><\/div>\n<\/div>\n\n\n","protected":false},"excerpt":{"rendered":"<p>NATHALIE Yoga vinyasa , Yoga vinyasa dynamique Form\u00e9e chez Yoga Vision et Yoga Alliance en Hatha et Vinyasa Yoga, Nathalie partage une pratique du Vinyasa dont le fil conducteur est l\u2019\u00e9quilibre.\u00a0 L\u2019\u00e9quilibre s\u2019explore (entre autres) au travers des asanas, postures, \u00a0qui sont nombreuses et vari\u00e9es, tout en \u00e9tant pour la plupart accessibles d\u00e8s les premiers &hellip;<\/p>\n<p class=\"read-more\"> <a class=\"\" href=\"https:\/\/yogaandco.fr\/site\/2021\/07\/27\/nathalie-2\/\"> <span class=\"screen-reader-text\">Nathalie<\/span> Lire la suite\u00a0\u00bb<\/a><\/p>\n","protected":false},"author":2,"featured_media":11592,"comment_status":"closed","ping_status":"closed","sticky":false,"template":"","format":"standard","meta":{"_monsterinsights_skip_tracking":false,"_monsterinsights_sitenote_active":false,"_monsterinsights_sitenote_note":"","_monsterinsights_sitenote_category":0,"footnotes":""},"categories":[10],"tags":[],"class_list":["post-11591","post","type-post","status-publish","format-standard","has-post-thumbnail","hentry","category-professeur"],"yoast_head":"<!-- This site is optimized with the Yoast SEO plugin v16.8 - https:\/\/yoast.com\/wordpress\/plugins\/seo\/ -->\n<title>Nathalie - Yoga &amp; co<\/title>\n<meta name=\"robots\" content=\"index, follow, max-snippet:-1, max-image-preview:large, max-video-preview:-1\" \/>\n<link rel=\"canonical\" href=\"https:\/\/yogaandco.fr\/site\/2021\/07\/27\/nathalie-2\/\" \/>\n<meta property=\"og:locale\" content=\"fr_FR\" \/>\n<meta property=\"og:type\" content=\"article\" \/>\n<meta property=\"og:title\" content=\"Nathalie - Yoga &amp; co\" \/>\n<meta property=\"og:description\" content=\"NATHALIE Yoga vinyasa , Yoga vinyasa dynamique Form\u00e9e chez Yoga Vision et Yoga Alliance en Hatha et Vinyasa Yoga, Nathalie partage une pratique du Vinyasa dont le fil conducteur est l\u2019\u00e9quilibre.\u00a0 L\u2019\u00e9quilibre s\u2019explore (entre autres) au travers des asanas, postures, \u00a0qui sont nombreuses et vari\u00e9es, tout en \u00e9tant pour la plupart accessibles d\u00e8s les premiers &hellip; Nathalie Lire la suite\u00a0\u00bb\" \/>\n<meta property=\"og:url\" content=\"https:\/\/yogaandco.fr\/site\/2021\/07\/27\/nathalie-2\/\" \/>\n<meta property=\"og:site_name\" content=\"Yoga &amp; co\" \/>\n<meta property=\"article:published_time\" content=\"2021-07-27T17:10:00+00:00\" \/>\n<meta property=\"article:modified_time\" content=\"2024-06-14T20:08:42+00:00\" \/>\n<meta property=\"og:image\" content=\"https:\/\/yogaandco.fr\/site\/wp-content\/uploads\/2023\/01\/NATHALIE-HUET.jpg\" \/>\n\t<meta property=\"og:image:width\" content=\"750\" \/>\n\t<meta property=\"og:image:height\" content=\"756\" \/>\n<meta name=\"twitter:label1\" content=\"\u00c9crit par\" \/>\n\t<meta name=\"twitter:data1\" content=\"Nadege\" \/>\n\t<meta name=\"twitter:label2\" content=\"Dur\u00e9e de lecture est.\" \/>\n\t<meta name=\"twitter:data2\" content=\"1 minute\" \/>\n<script type=\"application\/ld+json\" class=\"yoast-schema-graph\">{\"@context\":\"https:\/\/schema.org\",\"@graph\":[{\"@type\":\"WebSite\",\"@id\":\"https:\/\/yogaandco.fr\/site\/#website\",\"url\":\"https:\/\/yogaandco.fr\/site\/\",\"name\":\"Yoga &amp; co\",\"description\":\"Yoga pour tous\",\"potentialAction\":[{\"@type\":\"SearchAction\",\"target\":{\"@type\":\"EntryPoint\",\"urlTemplate\":\"https:\/\/yogaandco.fr\/site\/?s={search_term_string}\"},\"query-input\":\"required name=search_term_string\"}],\"inLanguage\":\"fr-FR\"},{\"@type\":\"ImageObject\",\"@id\":\"https:\/\/yogaandco.fr\/site\/2021\/07\/27\/nathalie-2\/#primaryimage\",\"inLanguage\":\"fr-FR\",\"url\":\"https:\/\/yogaandco.fr\/site\/wp-content\/uploads\/2023\/01\/NATHALIE-HUET.jpg\",\"contentUrl\":\"https:\/\/yogaandco.fr\/site\/wp-content\/uploads\/2023\/01\/NATHALIE-HUET.jpg\",\"width\":750,\"height\":756},{\"@type\":\"WebPage\",\"@id\":\"https:\/\/yogaandco.fr\/site\/2021\/07\/27\/nathalie-2\/#webpage\",\"url\":\"https:\/\/yogaandco.fr\/site\/2021\/07\/27\/nathalie-2\/\",\"name\":\"Nathalie - Yoga &amp; co\",\"isPartOf\":{\"@id\":\"https:\/\/yogaandco.fr\/site\/#website\"},\"primaryImageOfPage\":{\"@id\":\"https:\/\/yogaandco.fr\/site\/2021\/07\/27\/nathalie-2\/#primaryimage\"},\"datePublished\":\"2021-07-27T17:10:00+00:00\",\"dateModified\":\"2024-06-14T20:08:42+00:00\",\"author\":{\"@id\":\"https:\/\/yogaandco.fr\/site\/#\/schema\/person\/5fd8e3d6f5bf476db6483db2b29f9f9b\"},\"breadcrumb\":{\"@id\":\"https:\/\/yogaandco.fr\/site\/2021\/07\/27\/nathalie-2\/#breadcrumb\"},\"inLanguage\":\"fr-FR\",\"potentialAction\":[{\"@type\":\"ReadAction\",\"target\":[\"https:\/\/yogaandco.fr\/site\/2021\/07\/27\/nathalie-2\/\"]}]},{\"@type\":\"BreadcrumbList\",\"@id\":\"https:\/\/yogaandco.fr\/site\/2021\/07\/27\/nathalie-2\/#breadcrumb\",\"itemListElement\":[{\"@type\":\"ListItem\",\"position\":1,\"name\":\"Accueil\",\"item\":\"https:\/\/yogaandco.fr\/site\/\"},{\"@type\":\"ListItem\",\"position\":2,\"name\":\"Nathalie\"}]},{\"@type\":\"Person\",\"@id\":\"https:\/\/yogaandco.fr\/site\/#\/schema\/person\/5fd8e3d6f5bf476db6483db2b29f9f9b\",\"name\":\"Nadege\",\"image\":{\"@type\":\"ImageObject\",\"@id\":\"https:\/\/yogaandco.fr\/site\/#personlogo\",\"inLanguage\":\"fr-FR\",\"url\":\"https:\/\/secure.gravatar.com\/avatar\/1cb5d4fd74c73a8a09ac2842d663788e?s=96&d=mm&r=g\",\"contentUrl\":\"https:\/\/secure.gravatar.com\/avatar\/1cb5d4fd74c73a8a09ac2842d663788e?s=96&d=mm&r=g\",\"caption\":\"Nadege\"},\"sameAs\":[\"http:\/\/paris-yoga.blogspot.fr\/\"],\"url\":\"https:\/\/yogaandco.fr\/site\/author\/nadege\/\"}]}<\/script>\n<!-- \/ Yoast SEO plugin. -->","yoast_head_json":{"title":"Nathalie - Yoga &amp; co","robots":{"index":"index","follow":"follow","max-snippet":"max-snippet:-1","max-image-preview":"max-image-preview:large","max-video-preview":"max-video-preview:-1"},"canonical":"https:\/\/yogaandco.fr\/site\/2021\/07\/27\/nathalie-2\/","og_locale":"fr_FR","og_type":"article","og_title":"Nathalie - Yoga &amp; co","og_description":"NATHALIE Yoga vinyasa , Yoga vinyasa dynamique Form\u00e9e chez Yoga Vision et Yoga Alliance en Hatha et Vinyasa Yoga, Nathalie partage une pratique du Vinyasa dont le fil conducteur est l\u2019\u00e9quilibre.\u00a0 L\u2019\u00e9quilibre s\u2019explore (entre autres) au travers des asanas, postures, \u00a0qui sont nombreuses et vari\u00e9es, tout en \u00e9tant pour la plupart accessibles d\u00e8s les premiers &hellip; Nathalie Lire la suite\u00a0\u00bb","og_url":"https:\/\/yogaandco.fr\/site\/2021\/07\/27\/nathalie-2\/","og_site_name":"Yoga &amp; co","article_published_time":"2021-07-27T17:10:00+00:00","article_modified_time":"2024-06-14T20:08:42+00:00","og_image":[{"width":750,"height":756,"filesize":351095,"url":"https:\/\/yogaandco.fr\/site\/wp-content\/uploads\/2023\/01\/NATHALIE-HUET.jpg","path":"\/homepages\/20\/d419710255\/htdocs\/site\/wp-content\/uploads\/2023\/01\/NATHALIE-HUET.jpg","size":"full","id":11592,"alt":"","pixels":567000,"type":"image\/jpeg"}],"twitter_misc":{"\u00c9crit par":"Nadege","Dur\u00e9e de lecture est.":"1 minute"},"schema":{"@context":"https:\/\/schema.org","@graph":[{"@type":"WebSite","@id":"https:\/\/yogaandco.fr\/site\/#website","url":"https:\/\/yogaandco.fr\/site\/","name":"Yoga &amp; co","description":"Yoga pour tous","potentialAction":[{"@type":"SearchAction","target":{"@type":"EntryPoint","urlTemplate":"https:\/\/yogaandco.fr\/site\/?s={search_term_string}"},"query-input":"required name=search_term_string"}],"inLanguage":"fr-FR"},{"@type":"ImageObject","@id":"https:\/\/yogaandco.fr\/site\/2021\/07\/27\/nathalie-2\/#primaryimage","inLanguage":"fr-FR","url":"https:\/\/yogaandco.fr\/site\/wp-content\/uploads\/2023\/01\/NATHALIE-HUET.jpg","contentUrl":"https:\/\/yogaandco.fr\/site\/wp-content\/uploads\/2023\/01\/NATHALIE-HUET.jpg","width":750,"height":756},{"@type":"WebPage","@id":"https:\/\/yogaandco.fr\/site\/2021\/07\/27\/nathalie-2\/#webpage","url":"https:\/\/yogaandco.fr\/site\/2021\/07\/27\/nathalie-2\/","name":"Nathalie - Yoga &amp; co","isPartOf":{"@id":"https:\/\/yogaandco.fr\/site\/#website"},"primaryImageOfPage":{"@id":"https:\/\/yogaandco.fr\/site\/2021\/07\/27\/nathalie-2\/#primaryimage"},"datePublished":"2021-07-27T17:10:00+00:00","dateModified":"2024-06-14T20:08:42+00:00","author":{"@id":"https:\/\/yogaandco.fr\/site\/#\/schema\/person\/5fd8e3d6f5bf476db6483db2b29f9f9b"},"breadcrumb":{"@id":"https:\/\/yogaandco.fr\/site\/2021\/07\/27\/nathalie-2\/#breadcrumb"},"inLanguage":"fr-FR","potentialAction":[{"@type":"ReadAction","target":["https:\/\/yogaandco.fr\/site\/2021\/07\/27\/nathalie-2\/"]}]},{"@type":"BreadcrumbList","@id":"https:\/\/yogaandco.fr\/site\/2021\/07\/27\/nathalie-2\/#breadcrumb","itemListElement":[{"@type":"ListItem","position":1,"name":"Accueil","item":"https:\/\/yogaandco.fr\/site\/"},{"@type":"ListItem","position":2,"name":"Nathalie"}]},{"@type":"Person","@id":"https:\/\/yogaandco.fr\/site\/#\/schema\/person\/5fd8e3d6f5bf476db6483db2b29f9f9b","name":"Nadege","image":{"@type":"ImageObject","@id":"https:\/\/yogaandco.fr\/site\/#personlogo","inLanguage":"fr-FR","url":"https:\/\/secure.gravatar.com\/avatar\/1cb5d4fd74c73a8a09ac2842d663788e?s=96&d=mm&r=g","contentUrl":"https:\/\/secure.gravatar.com\/avatar\/1cb5d4fd74c73a8a09ac2842d663788e?s=96&d=mm&r=g","caption":"Nadege"},"sameAs":["http:\/\/paris-yoga.blogspot.fr\/"],"url":"https:\/\/yogaandco.fr\/site\/author\/nadege\/"}]}},"_links":{"self":[{"href":"https:\/\/yogaandco.fr\/site\/wp-json\/wp\/v2\/posts\/11591"}],"collection":[{"href":"https:\/\/yogaandco.fr\/site\/wp-json\/wp\/v2\/posts"}],"about":[{"href":"https:\/\/yogaandco.fr\/site\/wp-json\/wp\/v2\/types\/post"}],"author":[{"embeddable":true,"href":"https:\/\/yogaandco.fr\/site\/wp-json\/wp\/v2\/users\/2"}],"replies":[{"embeddable":true,"href":"https:\/\/yogaandco.fr\/site\/wp-json\/wp\/v2\/comments?post=11591"}],"version-history":[{"count":4,"href":"https:\/\/yogaandco.fr\/site\/wp-json\/wp\/v2\/posts\/11591\/revisions"}],"predecessor-version":[{"id":12528,"href":"https:\/\/yogaandco.fr\/site\/wp-json\/wp\/v2\/posts\/11591\/revisions\/12528"}],"wp:featuredmedia":[{"embeddable":true,"href":"https:\/\/yogaandco.fr\/site\/wp-json\/wp\/v2\/media\/11592"}],"wp:attachment":[{"href":"https:\/\/yogaandco.fr\/site\/wp-json\/wp\/v2\/media?parent=11591"}],"wp:term":[{"taxonomy":"category","embeddable":true,"href":"https:\/\/yogaandco.fr\/site\/wp-json\/wp\/v2\/categories?post=11591"},{"taxonomy":"post_tag","embeddable":true,"href":"https:\/\/yogaandco.fr\/site\/wp-json\/wp\/v2\/tags?post=11591"}],"curies":[{"name":"wp","href":"https:\/\/api.w.org\/{rel}","templated":true}]}}