{"id":12938,"date":"2025-03-20T10:06:00","date_gmt":"2025-03-20T09:06:00","guid":{"rendered":"https:\/\/yogaandco.fr\/site\/?p=12938"},"modified":"2026-04-09T18:25:37","modified_gmt":"2026-04-09T17:25:37","slug":"atelier-yoga-du-vendre-et-automassages","status":"publish","type":"post","link":"https:\/\/yogaandco.fr\/site\/2025\/03\/20\/atelier-yoga-du-vendre-et-automassages\/","title":{"rendered":"ATELIER YOGA DU VENTRE : BOOSTEZ VOTRE VITALITE LE 24 MAI"},"content":{"rendered":"<p>1<img decoding=\"async\" class=\"alignnone wp-image-12939 size-thumbnail\" title=\"YAL045000014\" src=\"https:\/\/yogaandco.fr\/site\/wp-content\/uploads\/2025\/02\/ANNE-CATHERINE-150x150.jpeg\" alt=\"\" width=\"150\" height=\"150\" \/><\/p>\n<div class=\"kvgmc6g5 cxmmr5t8 oygrvhab hcukyx3x c1et5uql\">\n<div data-canvas-width=\"635.8716771752844\">\n<div class=\"ox-dd324284d8-elementToProof\" style=\"text-align: center;\">Cet atelier, propos\u00e9 par Anne-Catherine, se divisent en plusieurs parties :<\/div>\n<div style=\"text-align: center;\">\u00a0<\/div>\n<div style=\"text-align: center;\"><strong>Yoga du ventre<\/strong><\/div>\n<div>\u00a0<\/div>\n<div class=\"ox-dd324284d8-elementToProof\" style=\"text-align: center;\">Avec des postures qui vont agir sp\u00e9cifiquement sur la zone du ventre, afin de d\u00e9tendre le ventre, stimuler les organes internes, activer l \u00e9nergie dans la zone du ventre.<\/div>\n<div style=\"text-align: center;\">\u00a0<\/div>\n<div style=\"text-align: center;\"><strong>Pranayama<\/strong><\/div>\n<div>\u00a0<\/div>\n<div class=\"ox-dd324284d8-elementToProof\" style=\"text-align: center;\">Pour nettoyer, purifier les.organes et rafraichir<\/div>\n<div style=\"text-align: center;\">\u00a0<\/div>\n<div style=\"text-align: center;\"><strong>Automassage du ventre\u00a0<\/strong><\/div>\n<div>\u00a0<\/div>\n<div style=\"text-align: center;\">Pour d\u00e9tendre le ventre et lib\u00e9rer toutes les tensions , les blocages, d\u00e9nouer les \u00e9motions<\/div>\n<div>\u00a0<\/div>\n<\/div>\n<div>\n<div style=\"text-align: center;\"><strong>Acupression<\/strong><\/div>\n<div>\u00a0<\/div>\n<div style=\"text-align: center;\">Pour relancer l&rsquo;\u00e9nergie et booster sa vitalit\u00e9.<\/div>\n<\/div>\n<div data-canvas-width=\"635.8716771752844\">\n<div class=\"ox-dd324284d8-elementToProof\" style=\"text-align: center;\">\u00a0<\/div>\n<\/div>\n<\/div>\n<div class=\"kvgmc6g5 cxmmr5t8 oygrvhab hcukyx3x c1et5uql\">\n<p style=\"text-align: center;\">Cet atelier de 2 heures a lieu dimanche 24 mai, de 15h00 \u00e0 17h00<\/p>\n<p style=\"text-align: center;\">45 \u20ac ou 2 cr\u00e9dits sur votre abonnement, hors abonnements illimit\u00e9s,\u00a0 annuels., et offres sp\u00e9ciales.. Il a lieu en salle et en ligne.<\/p>\n<h3 style=\"text-align: center;\"><a href=\"https:\/\/backoffice.bsport.io\/customer\/payment\/offer\/35624220?membership=425\"><strong>Je r\u00e9serve ici<\/strong><\/a><\/h3>\n<\/div>\n<div class=\"o9v6fnle cxmmr5t8 oygrvhab hcukyx3x c1et5uql\">\u00a0<\/div>\n\n","protected":false},"excerpt":{"rendered":"<p>1 Cet atelier, propos\u00e9 par Anne-Catherine, se divisent en plusieurs parties : \u00a0 Yoga du ventre \u00a0 Avec des postures qui vont agir sp\u00e9cifiquement sur la zone du ventre, afin de d\u00e9tendre le ventre, stimuler les organes internes, activer l \u00e9nergie dans la zone du ventre. \u00a0 Pranayama \u00a0 Pour nettoyer, purifier les.organes et rafraichir &hellip;<\/p>\n<p class=\"read-more\"> <a class=\"\" href=\"https:\/\/yogaandco.fr\/site\/2025\/03\/20\/atelier-yoga-du-vendre-et-automassages\/\"> <span class=\"screen-reader-text\">ATELIER YOGA DU VENTRE : BOOSTEZ VOTRE VITALITE LE 24 MAI<\/span> Lire la suite\u00a0\u00bb<\/a><\/p>\n","protected":false},"author":2,"featured_media":12939,"comment_status":"closed","ping_status":"closed","sticky":false,"template":"","format":"standard","meta":{"_monsterinsights_skip_tracking":false,"_monsterinsights_sitenote_active":false,"_monsterinsights_sitenote_note":"","_monsterinsights_sitenote_category":0,"footnotes":""},"categories":[84],"tags":[111,308,141,33,306,305,20,102,19,307],"class_list":["post-12938","post","type-post","status-publish","format-standard","has-post-thumbnail","hentry","category-ateliers","tag-atelieryoga","tag-automassage","tag-ayurveda","tag-detente","tag-digestion-2","tag-digestion","tag-paris","tag-paris19","tag-yoga","tag-yogaduventre"],"yoast_head":"<!-- This site is optimized with the Yoast SEO plugin v16.8 - https:\/\/yoast.com\/wordpress\/plugins\/seo\/ -->\n<title>ATELIER YOGA DU VENTRE : BOOSTEZ VOTRE VITALITE LE 24 MAI - Yoga &amp; co<\/title>\n<meta name=\"robots\" content=\"index, follow, max-snippet:-1, max-image-preview:large, max-video-preview:-1\" \/>\n<link rel=\"canonical\" href=\"https:\/\/yogaandco.fr\/site\/2025\/03\/20\/atelier-yoga-du-vendre-et-automassages\/\" \/>\n<meta property=\"og:locale\" content=\"fr_FR\" \/>\n<meta property=\"og:type\" content=\"article\" \/>\n<meta property=\"og:title\" content=\"ATELIER YOGA DU VENTRE : BOOSTEZ VOTRE VITALITE LE 24 MAI - Yoga &amp; co\" \/>\n<meta property=\"og:description\" content=\"1 Cet atelier, propos\u00e9 par Anne-Catherine, se divisent en plusieurs parties : \u00a0 Yoga du ventre \u00a0 Avec des postures qui vont agir sp\u00e9cifiquement sur la zone du ventre, afin de d\u00e9tendre le ventre, stimuler les organes internes, activer l \u00e9nergie dans la zone du ventre. \u00a0 Pranayama \u00a0 Pour nettoyer, purifier les.organes et rafraichir &hellip; ATELIER YOGA DU VENTRE : BOOSTEZ VOTRE VITALITE LE 24 MAI Lire la suite\u00a0\u00bb\" \/>\n<meta property=\"og:url\" content=\"https:\/\/yogaandco.fr\/site\/2025\/03\/20\/atelier-yoga-du-vendre-et-automassages\/\" \/>\n<meta property=\"og:site_name\" content=\"Yoga &amp; co\" \/>\n<meta property=\"article:published_time\" content=\"2025-03-20T09:06:00+00:00\" \/>\n<meta property=\"article:modified_time\" content=\"2026-04-09T17:25:37+00:00\" \/>\n<meta property=\"og:image\" content=\"https:\/\/yogaandco.fr\/site\/wp-content\/uploads\/2025\/02\/ANNE-CATHERINE.jpeg\" \/>\n\t<meta property=\"og:image:width\" content=\"1000\" \/>\n\t<meta property=\"og:image:height\" content=\"766\" \/>\n<meta name=\"twitter:label1\" content=\"\u00c9crit par\" \/>\n\t<meta name=\"twitter:data1\" content=\"Nadege\" \/>\n\t<meta name=\"twitter:label2\" content=\"Dur\u00e9e de lecture est.\" \/>\n\t<meta name=\"twitter:data2\" content=\"1 minute\" \/>\n<script type=\"application\/ld+json\" class=\"yoast-schema-graph\">{\"@context\":\"https:\/\/schema.org\",\"@graph\":[{\"@type\":\"WebSite\",\"@id\":\"https:\/\/yogaandco.fr\/site\/#website\",\"url\":\"https:\/\/yogaandco.fr\/site\/\",\"name\":\"Yoga &amp; co\",\"description\":\"Yoga pour tous\",\"potentialAction\":[{\"@type\":\"SearchAction\",\"target\":{\"@type\":\"EntryPoint\",\"urlTemplate\":\"https:\/\/yogaandco.fr\/site\/?s={search_term_string}\"},\"query-input\":\"required name=search_term_string\"}],\"inLanguage\":\"fr-FR\"},{\"@type\":\"ImageObject\",\"@id\":\"https:\/\/yogaandco.fr\/site\/2025\/03\/20\/atelier-yoga-du-vendre-et-automassages\/#primaryimage\",\"inLanguage\":\"fr-FR\",\"url\":\"https:\/\/yogaandco.fr\/site\/wp-content\/uploads\/2025\/02\/ANNE-CATHERINE.jpeg\",\"contentUrl\":\"https:\/\/yogaandco.fr\/site\/wp-content\/uploads\/2025\/02\/ANNE-CATHERINE.jpeg\",\"width\":1000,\"height\":766},{\"@type\":\"WebPage\",\"@id\":\"https:\/\/yogaandco.fr\/site\/2025\/03\/20\/atelier-yoga-du-vendre-et-automassages\/#webpage\",\"url\":\"https:\/\/yogaandco.fr\/site\/2025\/03\/20\/atelier-yoga-du-vendre-et-automassages\/\",\"name\":\"ATELIER YOGA DU VENTRE : BOOSTEZ VOTRE VITALITE LE 24 MAI - Yoga &amp; co\",\"isPartOf\":{\"@id\":\"https:\/\/yogaandco.fr\/site\/#website\"},\"primaryImageOfPage\":{\"@id\":\"https:\/\/yogaandco.fr\/site\/2025\/03\/20\/atelier-yoga-du-vendre-et-automassages\/#primaryimage\"},\"datePublished\":\"2025-03-20T09:06:00+00:00\",\"dateModified\":\"2026-04-09T17:25:37+00:00\",\"author\":{\"@id\":\"https:\/\/yogaandco.fr\/site\/#\/schema\/person\/5fd8e3d6f5bf476db6483db2b29f9f9b\"},\"breadcrumb\":{\"@id\":\"https:\/\/yogaandco.fr\/site\/2025\/03\/20\/atelier-yoga-du-vendre-et-automassages\/#breadcrumb\"},\"inLanguage\":\"fr-FR\",\"potentialAction\":[{\"@type\":\"ReadAction\",\"target\":[\"https:\/\/yogaandco.fr\/site\/2025\/03\/20\/atelier-yoga-du-vendre-et-automassages\/\"]}]},{\"@type\":\"BreadcrumbList\",\"@id\":\"https:\/\/yogaandco.fr\/site\/2025\/03\/20\/atelier-yoga-du-vendre-et-automassages\/#breadcrumb\",\"itemListElement\":[{\"@type\":\"ListItem\",\"position\":1,\"name\":\"Accueil\",\"item\":\"https:\/\/yogaandco.fr\/site\/\"},{\"@type\":\"ListItem\",\"position\":2,\"name\":\"ATELIER YOGA DU VENTRE : BOOSTEZ VOTRE VITALITE LE 24 MAI\"}]},{\"@type\":\"Person\",\"@id\":\"https:\/\/yogaandco.fr\/site\/#\/schema\/person\/5fd8e3d6f5bf476db6483db2b29f9f9b\",\"name\":\"Nadege\",\"image\":{\"@type\":\"ImageObject\",\"@id\":\"https:\/\/yogaandco.fr\/site\/#personlogo\",\"inLanguage\":\"fr-FR\",\"url\":\"https:\/\/secure.gravatar.com\/avatar\/1cb5d4fd74c73a8a09ac2842d663788e?s=96&d=mm&r=g\",\"contentUrl\":\"https:\/\/secure.gravatar.com\/avatar\/1cb5d4fd74c73a8a09ac2842d663788e?s=96&d=mm&r=g\",\"caption\":\"Nadege\"},\"sameAs\":[\"http:\/\/paris-yoga.blogspot.fr\/\"],\"url\":\"https:\/\/yogaandco.fr\/site\/author\/nadege\/\"}]}<\/script>\n<!-- \/ Yoast SEO plugin. -->","yoast_head_json":{"title":"ATELIER YOGA DU VENTRE : BOOSTEZ VOTRE VITALITE LE 24 MAI - Yoga &amp; co","robots":{"index":"index","follow":"follow","max-snippet":"max-snippet:-1","max-image-preview":"max-image-preview:large","max-video-preview":"max-video-preview:-1"},"canonical":"https:\/\/yogaandco.fr\/site\/2025\/03\/20\/atelier-yoga-du-vendre-et-automassages\/","og_locale":"fr_FR","og_type":"article","og_title":"ATELIER YOGA DU VENTRE : BOOSTEZ VOTRE VITALITE LE 24 MAI - Yoga &amp; co","og_description":"1 Cet atelier, propos\u00e9 par Anne-Catherine, se divisent en plusieurs parties : \u00a0 Yoga du ventre \u00a0 Avec des postures qui vont agir sp\u00e9cifiquement sur la zone du ventre, afin de d\u00e9tendre le ventre, stimuler les organes internes, activer l \u00e9nergie dans la zone du ventre. \u00a0 Pranayama \u00a0 Pour nettoyer, purifier les.organes et rafraichir &hellip; ATELIER YOGA DU VENTRE : BOOSTEZ VOTRE VITALITE LE 24 MAI Lire la suite\u00a0\u00bb","og_url":"https:\/\/yogaandco.fr\/site\/2025\/03\/20\/atelier-yoga-du-vendre-et-automassages\/","og_site_name":"Yoga &amp; co","article_published_time":"2025-03-20T09:06:00+00:00","article_modified_time":"2026-04-09T17:25:37+00:00","og_image":[{"width":1000,"height":766,"filesize":194211,"url":"https:\/\/yogaandco.fr\/site\/wp-content\/uploads\/2025\/02\/ANNE-CATHERINE.jpeg","path":"\/homepages\/20\/d419710255\/htdocs\/site\/wp-content\/uploads\/2025\/02\/ANNE-CATHERINE.jpeg","size":"full","id":12939,"alt":"","pixels":766000,"type":"image\/jpeg"}],"twitter_misc":{"\u00c9crit par":"Nadege","Dur\u00e9e de lecture est.":"1 minute"},"schema":{"@context":"https:\/\/schema.org","@graph":[{"@type":"WebSite","@id":"https:\/\/yogaandco.fr\/site\/#website","url":"https:\/\/yogaandco.fr\/site\/","name":"Yoga &amp; co","description":"Yoga pour tous","potentialAction":[{"@type":"SearchAction","target":{"@type":"EntryPoint","urlTemplate":"https:\/\/yogaandco.fr\/site\/?s={search_term_string}"},"query-input":"required name=search_term_string"}],"inLanguage":"fr-FR"},{"@type":"ImageObject","@id":"https:\/\/yogaandco.fr\/site\/2025\/03\/20\/atelier-yoga-du-vendre-et-automassages\/#primaryimage","inLanguage":"fr-FR","url":"https:\/\/yogaandco.fr\/site\/wp-content\/uploads\/2025\/02\/ANNE-CATHERINE.jpeg","contentUrl":"https:\/\/yogaandco.fr\/site\/wp-content\/uploads\/2025\/02\/ANNE-CATHERINE.jpeg","width":1000,"height":766},{"@type":"WebPage","@id":"https:\/\/yogaandco.fr\/site\/2025\/03\/20\/atelier-yoga-du-vendre-et-automassages\/#webpage","url":"https:\/\/yogaandco.fr\/site\/2025\/03\/20\/atelier-yoga-du-vendre-et-automassages\/","name":"ATELIER YOGA DU VENTRE : BOOSTEZ VOTRE VITALITE LE 24 MAI - Yoga &amp; co","isPartOf":{"@id":"https:\/\/yogaandco.fr\/site\/#website"},"primaryImageOfPage":{"@id":"https:\/\/yogaandco.fr\/site\/2025\/03\/20\/atelier-yoga-du-vendre-et-automassages\/#primaryimage"},"datePublished":"2025-03-20T09:06:00+00:00","dateModified":"2026-04-09T17:25:37+00:00","author":{"@id":"https:\/\/yogaandco.fr\/site\/#\/schema\/person\/5fd8e3d6f5bf476db6483db2b29f9f9b"},"breadcrumb":{"@id":"https:\/\/yogaandco.fr\/site\/2025\/03\/20\/atelier-yoga-du-vendre-et-automassages\/#breadcrumb"},"inLanguage":"fr-FR","potentialAction":[{"@type":"ReadAction","target":["https:\/\/yogaandco.fr\/site\/2025\/03\/20\/atelier-yoga-du-vendre-et-automassages\/"]}]},{"@type":"BreadcrumbList","@id":"https:\/\/yogaandco.fr\/site\/2025\/03\/20\/atelier-yoga-du-vendre-et-automassages\/#breadcrumb","itemListElement":[{"@type":"ListItem","position":1,"name":"Accueil","item":"https:\/\/yogaandco.fr\/site\/"},{"@type":"ListItem","position":2,"name":"ATELIER YOGA DU VENTRE : BOOSTEZ VOTRE VITALITE LE 24 MAI"}]},{"@type":"Person","@id":"https:\/\/yogaandco.fr\/site\/#\/schema\/person\/5fd8e3d6f5bf476db6483db2b29f9f9b","name":"Nadege","image":{"@type":"ImageObject","@id":"https:\/\/yogaandco.fr\/site\/#personlogo","inLanguage":"fr-FR","url":"https:\/\/secure.gravatar.com\/avatar\/1cb5d4fd74c73a8a09ac2842d663788e?s=96&d=mm&r=g","contentUrl":"https:\/\/secure.gravatar.com\/avatar\/1cb5d4fd74c73a8a09ac2842d663788e?s=96&d=mm&r=g","caption":"Nadege"},"sameAs":["http:\/\/paris-yoga.blogspot.fr\/"],"url":"https:\/\/yogaandco.fr\/site\/author\/nadege\/"}]}},"_links":{"self":[{"href":"https:\/\/yogaandco.fr\/site\/wp-json\/wp\/v2\/posts\/12938"}],"collection":[{"href":"https:\/\/yogaandco.fr\/site\/wp-json\/wp\/v2\/posts"}],"about":[{"href":"https:\/\/yogaandco.fr\/site\/wp-json\/wp\/v2\/types\/post"}],"author":[{"embeddable":true,"href":"https:\/\/yogaandco.fr\/site\/wp-json\/wp\/v2\/users\/2"}],"replies":[{"embeddable":true,"href":"https:\/\/yogaandco.fr\/site\/wp-json\/wp\/v2\/comments?post=12938"}],"version-history":[{"count":5,"href":"https:\/\/yogaandco.fr\/site\/wp-json\/wp\/v2\/posts\/12938\/revisions"}],"predecessor-version":[{"id":13393,"href":"https:\/\/yogaandco.fr\/site\/wp-json\/wp\/v2\/posts\/12938\/revisions\/13393"}],"wp:featuredmedia":[{"embeddable":true,"href":"https:\/\/yogaandco.fr\/site\/wp-json\/wp\/v2\/media\/12939"}],"wp:attachment":[{"href":"https:\/\/yogaandco.fr\/site\/wp-json\/wp\/v2\/media?parent=12938"}],"wp:term":[{"taxonomy":"category","embeddable":true,"href":"https:\/\/yogaandco.fr\/site\/wp-json\/wp\/v2\/categories?post=12938"},{"taxonomy":"post_tag","embeddable":true,"href":"https:\/\/yogaandco.fr\/site\/wp-json\/wp\/v2\/tags?post=12938"}],"curies":[{"name":"wp","href":"https:\/\/api.w.org\/{rel}","templated":true}]}}