{"id":13263,"date":"2025-03-19T11:00:00","date_gmt":"2025-03-19T10:00:00","guid":{"rendered":"https:\/\/yogaandco.fr\/site\/?p=13263"},"modified":"2026-04-01T18:33:36","modified_gmt":"2026-04-01T17:33:36","slug":"atelier-rituel-dete","status":"publish","type":"post","link":"https:\/\/yogaandco.fr\/site\/2025\/03\/19\/atelier-rituel-dete\/","title":{"rendered":"ATELIER RITUEL D&rsquo;ETE &#8211; EXPANSION &amp; JOIE INTERIEURE LE 7 JUIN"},"content":{"rendered":"<p><img decoding=\"async\" class=\"alignnone wp-image-12727 size-thumbnail\" src=\"https:\/\/yogaandco.fr\/site\/wp-content\/uploads\/2023\/03\/MARINE-NATURE-150x150.jpg\" alt=\"\" width=\"150\" height=\"150\" \/><\/p>\n<div>\n<h3 style=\"text-align: center;\"><span style=\"font-size: small;\">Un atelier de 2 heures alliant Vinyasa Flow, Yin Yoga et Bain Sonore pour c\u00e9l\u00e9brer l&rsquo;\u00e9nergie du solstice d&rsquo;\u00e9t\u00e9 et ouvrir son c\u0153ur.<\/span><\/h3>\n<h3 style=\"text-align: center;\"><span style=\"font-size: small;\"><span class=\"ox-a428d1cd9c-gmail-Apple-converted-space\">\u00a0<\/span>L&rsquo;\u00e9t\u00e9 et le solstice marquent l&rsquo;apog\u00e9e de l&rsquo;\u00e9nergie solaire (Pitta), une c\u00e9l\u00e9bration de la lumi\u00e8re, de l&rsquo;expansion et de la vitalit\u00e9. C&rsquo;est le moment id\u00e9al pour se connecter \u00e0 sa joie int\u00e9rieure et laisser rayonner sa propre lumi\u00e8re. Cet atelier de 2 heures est un voyage sensoriel pour honorer cette \u00e9nergie expansive.<\/span><\/h3>\n<p><span style=\"font-size: small;\">Cette c\u00e9l\u00e9bration est une invitation \u00e0 :<\/span><\/p>\n<ul>\n<li><span style=\"font-size: small;\"><b>\u00c9veiller la confiance et l&rsquo;\u00e9nergie du c\u0153ur :<\/b><span class=\"ox-a428d1cd9c-gmail-Apple-converted-space\">\u00a0<\/span>Gr\u00e2ce \u00e0 une pratique de Vinyasa Flow fluide et solaire, nous travaillerons \u00e0 renforcer notre centre (Manipura Chakra) pour mieux soutenir les postures d&rsquo;ouverture du c\u0153ur (Anahata Chakra), cultivant ainsi force int\u00e9rieure et confiance en soi.<\/span><\/li>\n<li><span style=\"font-size: small;\"><b>Lib\u00e9rer l&rsquo;espace \u00e9motionnel :<\/b><span class=\"ox-a428d1cd9c-gmail-Apple-converted-space\">\u00a0<\/span>Nous plongerons ensuite dans la douceur du Yin Yoga, avec des postures tenues longuement pour rel\u00e2cher les tensions autour du buste et du c\u0153ur, et faire de la place \u00e0 la gratitude, \u00e0 l&rsquo;amour et \u00e0 la joie.<\/span><\/li>\n<li><span style=\"font-size: small;\"><b>S&rsquo;immerger dans une relaxation vibratoire :<\/b><span class=\"ox-a428d1cd9c-gmail-Apple-converted-space\">\u00a0<\/span>L&rsquo;atelier se terminera par un bain sonore. Allong\u00e9(e) et d\u00e9tendu(e), tu te laisseras bercer par les vibrations des bols tib\u00e9tains et des carillons, qui viendront r\u00e9\u00e9quilibrer tes \u00e9nergies et int\u00e9grer les bienfaits de la pratique.<\/span><\/li>\n<\/ul>\n<p><span style=\"font-size: small;\">Cet atelier est un voyage pour honorer ta lumi\u00e8re int\u00e9rieure, amplifier ta joie de vivre et repartir avec une \u00e9nergie rayonnante et sereine pour accueillir pleinement la saison estivale.<\/span><\/p>\n<p><span style=\"font-size: small;\"><b>Pour qui ?<\/b><\/span><\/p>\n<p><span style=\"font-size: small;\"><b><\/b><span class=\"ox-a428d1cd9c-gmail-Apple-converted-space\">\u00a0<\/span>Cet atelier est un moment de pure c\u00e9l\u00e9bration, ouvert \u00e0 tous les niveaux. Nul besoin de souplesse particuli\u00e8re, juste l&rsquo;envie de te faire du bien et de te connecter \u00e0 l&rsquo;\u00e9nergie joyeuse de l&rsquo;\u00e9t\u00e9.<\/span><\/p>\n<div><\/div>\n<\/div>\n<h5>Cet atelier est anim\u00e9 par Marine.<\/h5>\n<h5 class=\"lead\">La s\u00e9ance a lieu le dimanche 7 juin, de 17h00 \u00e0 19h00, en salle et en ligne.<\/h5>\n<h5 class=\"lead\">45 \u20ac ou 2 cr\u00e9dits sur votre abonnement (hors abonnements illimit\u00e9s et offres sp\u00e9ciales).<\/h5>\n<h2 style=\"text-align: center;\"><a href=\"_wp_link_placeholder\" data-wplink-edit=\"true\">Je r\u00e9serve<\/a><\/h2>\n","protected":false},"excerpt":{"rendered":"<p>Un atelier de 2 heures alliant Vinyasa Flow, Yin Yoga et Bain Sonore pour c\u00e9l\u00e9brer l&rsquo;\u00e9nergie du solstice d&rsquo;\u00e9t\u00e9 et ouvrir son c\u0153ur. \u00a0L&rsquo;\u00e9t\u00e9 et le solstice marquent l&rsquo;apog\u00e9e de l&rsquo;\u00e9nergie solaire (Pitta), une c\u00e9l\u00e9bration de la lumi\u00e8re, de l&rsquo;expansion et de la vitalit\u00e9. C&rsquo;est le moment id\u00e9al pour se connecter \u00e0 sa joie int\u00e9rieure &hellip;<\/p>\n<p class=\"read-more\"> <a class=\"\" href=\"https:\/\/yogaandco.fr\/site\/2025\/03\/19\/atelier-rituel-dete\/\"> <span class=\"screen-reader-text\">ATELIER RITUEL D&rsquo;ETE &#8211; EXPANSION &amp; JOIE INTERIEURE LE 7 JUIN<\/span> Lire la suite\u00a0\u00bb<\/a><\/p>\n","protected":false},"author":2,"featured_media":12727,"comment_status":"closed","ping_status":"closed","sticky":false,"template":"","format":"standard","meta":{"_monsterinsights_skip_tracking":false,"_monsterinsights_sitenote_active":false,"_monsterinsights_sitenote_note":"","_monsterinsights_sitenote_category":0,"footnotes":""},"categories":[84],"tags":[111,140,141,102,182,199],"class_list":["post-13263","post","type-post","status-publish","format-standard","has-post-thumbnail","hentry","category-ateliers","tag-atelieryoga","tag-automne","tag-ayurveda","tag-paris19","tag-yogaparis","tag-yogaparis19"],"yoast_head":"<!-- This site is optimized with the Yoast SEO plugin v16.8 - https:\/\/yoast.com\/wordpress\/plugins\/seo\/ -->\n<title>ATELIER RITUEL D&#039;ETE - EXPANSION &amp; JOIE INTERIEURE LE 7 JUIN - Yoga &amp; co<\/title>\n<meta name=\"robots\" content=\"index, follow, max-snippet:-1, max-image-preview:large, max-video-preview:-1\" \/>\n<link rel=\"canonical\" href=\"https:\/\/yogaandco.fr\/site\/2025\/03\/19\/atelier-rituel-dete\/\" \/>\n<meta property=\"og:locale\" content=\"fr_FR\" \/>\n<meta property=\"og:type\" content=\"article\" \/>\n<meta property=\"og:title\" content=\"ATELIER RITUEL D&#039;ETE - EXPANSION &amp; JOIE INTERIEURE LE 7 JUIN - Yoga &amp; co\" \/>\n<meta property=\"og:description\" content=\"Un atelier de 2 heures alliant Vinyasa Flow, Yin Yoga et Bain Sonore pour c\u00e9l\u00e9brer l&rsquo;\u00e9nergie du solstice d&rsquo;\u00e9t\u00e9 et ouvrir son c\u0153ur. \u00a0L&rsquo;\u00e9t\u00e9 et le solstice marquent l&rsquo;apog\u00e9e de l&rsquo;\u00e9nergie solaire (Pitta), une c\u00e9l\u00e9bration de la lumi\u00e8re, de l&rsquo;expansion et de la vitalit\u00e9. C&rsquo;est le moment id\u00e9al pour se connecter \u00e0 sa joie int\u00e9rieure &hellip; ATELIER RITUEL D&rsquo;ETE &#8211; EXPANSION &amp; JOIE INTERIEURE LE 7 JUIN Lire la suite\u00a0\u00bb\" \/>\n<meta property=\"og:url\" content=\"https:\/\/yogaandco.fr\/site\/2025\/03\/19\/atelier-rituel-dete\/\" \/>\n<meta property=\"og:site_name\" content=\"Yoga &amp; co\" \/>\n<meta property=\"article:published_time\" content=\"2025-03-19T10:00:00+00:00\" \/>\n<meta property=\"article:modified_time\" content=\"2026-04-01T17:33:36+00:00\" \/>\n<meta property=\"og:image\" content=\"https:\/\/yogaandco.fr\/site\/wp-content\/uploads\/2023\/03\/MARINE-NATURE.jpg\" \/>\n\t<meta property=\"og:image:width\" content=\"1280\" \/>\n\t<meta property=\"og:image:height\" content=\"1920\" \/>\n<meta name=\"twitter:label1\" content=\"\u00c9crit par\" \/>\n\t<meta name=\"twitter:data1\" content=\"Nadege\" \/>\n\t<meta name=\"twitter:label2\" content=\"Dur\u00e9e de lecture est.\" \/>\n\t<meta name=\"twitter:data2\" content=\"2 minutes\" \/>\n<script type=\"application\/ld+json\" class=\"yoast-schema-graph\">{\"@context\":\"https:\/\/schema.org\",\"@graph\":[{\"@type\":\"WebSite\",\"@id\":\"https:\/\/yogaandco.fr\/site\/#website\",\"url\":\"https:\/\/yogaandco.fr\/site\/\",\"name\":\"Yoga &amp; co\",\"description\":\"Yoga pour tous\",\"potentialAction\":[{\"@type\":\"SearchAction\",\"target\":{\"@type\":\"EntryPoint\",\"urlTemplate\":\"https:\/\/yogaandco.fr\/site\/?s={search_term_string}\"},\"query-input\":\"required name=search_term_string\"}],\"inLanguage\":\"fr-FR\"},{\"@type\":\"ImageObject\",\"@id\":\"https:\/\/yogaandco.fr\/site\/2025\/03\/19\/atelier-rituel-dete\/#primaryimage\",\"inLanguage\":\"fr-FR\",\"url\":\"https:\/\/yogaandco.fr\/site\/wp-content\/uploads\/2023\/03\/MARINE-NATURE.jpg\",\"contentUrl\":\"https:\/\/yogaandco.fr\/site\/wp-content\/uploads\/2023\/03\/MARINE-NATURE.jpg\",\"width\":1280,\"height\":1920},{\"@type\":\"WebPage\",\"@id\":\"https:\/\/yogaandco.fr\/site\/2025\/03\/19\/atelier-rituel-dete\/#webpage\",\"url\":\"https:\/\/yogaandco.fr\/site\/2025\/03\/19\/atelier-rituel-dete\/\",\"name\":\"ATELIER RITUEL D'ETE - EXPANSION &amp; JOIE INTERIEURE LE 7 JUIN - Yoga &amp; co\",\"isPartOf\":{\"@id\":\"https:\/\/yogaandco.fr\/site\/#website\"},\"primaryImageOfPage\":{\"@id\":\"https:\/\/yogaandco.fr\/site\/2025\/03\/19\/atelier-rituel-dete\/#primaryimage\"},\"datePublished\":\"2025-03-19T10:00:00+00:00\",\"dateModified\":\"2026-04-01T17:33:36+00:00\",\"author\":{\"@id\":\"https:\/\/yogaandco.fr\/site\/#\/schema\/person\/5fd8e3d6f5bf476db6483db2b29f9f9b\"},\"breadcrumb\":{\"@id\":\"https:\/\/yogaandco.fr\/site\/2025\/03\/19\/atelier-rituel-dete\/#breadcrumb\"},\"inLanguage\":\"fr-FR\",\"potentialAction\":[{\"@type\":\"ReadAction\",\"target\":[\"https:\/\/yogaandco.fr\/site\/2025\/03\/19\/atelier-rituel-dete\/\"]}]},{\"@type\":\"BreadcrumbList\",\"@id\":\"https:\/\/yogaandco.fr\/site\/2025\/03\/19\/atelier-rituel-dete\/#breadcrumb\",\"itemListElement\":[{\"@type\":\"ListItem\",\"position\":1,\"name\":\"Accueil\",\"item\":\"https:\/\/yogaandco.fr\/site\/\"},{\"@type\":\"ListItem\",\"position\":2,\"name\":\"ATELIER RITUEL D&rsquo;ETE &#8211; EXPANSION &amp; JOIE INTERIEURE LE 7 JUIN\"}]},{\"@type\":\"Person\",\"@id\":\"https:\/\/yogaandco.fr\/site\/#\/schema\/person\/5fd8e3d6f5bf476db6483db2b29f9f9b\",\"name\":\"Nadege\",\"image\":{\"@type\":\"ImageObject\",\"@id\":\"https:\/\/yogaandco.fr\/site\/#personlogo\",\"inLanguage\":\"fr-FR\",\"url\":\"https:\/\/secure.gravatar.com\/avatar\/1cb5d4fd74c73a8a09ac2842d663788e?s=96&d=mm&r=g\",\"contentUrl\":\"https:\/\/secure.gravatar.com\/avatar\/1cb5d4fd74c73a8a09ac2842d663788e?s=96&d=mm&r=g\",\"caption\":\"Nadege\"},\"sameAs\":[\"http:\/\/paris-yoga.blogspot.fr\/\"],\"url\":\"https:\/\/yogaandco.fr\/site\/author\/nadege\/\"}]}<\/script>\n<!-- \/ Yoast SEO plugin. -->","yoast_head_json":{"title":"ATELIER RITUEL D'ETE - EXPANSION &amp; JOIE INTERIEURE LE 7 JUIN - Yoga &amp; co","robots":{"index":"index","follow":"follow","max-snippet":"max-snippet:-1","max-image-preview":"max-image-preview:large","max-video-preview":"max-video-preview:-1"},"canonical":"https:\/\/yogaandco.fr\/site\/2025\/03\/19\/atelier-rituel-dete\/","og_locale":"fr_FR","og_type":"article","og_title":"ATELIER RITUEL D'ETE - EXPANSION &amp; JOIE INTERIEURE LE 7 JUIN - Yoga &amp; co","og_description":"Un atelier de 2 heures alliant Vinyasa Flow, Yin Yoga et Bain Sonore pour c\u00e9l\u00e9brer l&rsquo;\u00e9nergie du solstice d&rsquo;\u00e9t\u00e9 et ouvrir son c\u0153ur. \u00a0L&rsquo;\u00e9t\u00e9 et le solstice marquent l&rsquo;apog\u00e9e de l&rsquo;\u00e9nergie solaire (Pitta), une c\u00e9l\u00e9bration de la lumi\u00e8re, de l&rsquo;expansion et de la vitalit\u00e9. C&rsquo;est le moment id\u00e9al pour se connecter \u00e0 sa joie int\u00e9rieure &hellip; ATELIER RITUEL D&rsquo;ETE &#8211; EXPANSION &amp; JOIE INTERIEURE LE 7 JUIN Lire la suite\u00a0\u00bb","og_url":"https:\/\/yogaandco.fr\/site\/2025\/03\/19\/atelier-rituel-dete\/","og_site_name":"Yoga &amp; co","article_published_time":"2025-03-19T10:00:00+00:00","article_modified_time":"2026-04-01T17:33:36+00:00","og_image":[{"width":1280,"height":1920,"filesize":441902,"url":"https:\/\/yogaandco.fr\/site\/wp-content\/uploads\/2023\/03\/MARINE-NATURE.jpg","path":"\/homepages\/20\/d419710255\/htdocs\/site\/wp-content\/uploads\/2023\/03\/MARINE-NATURE.jpg","size":"full","id":12727,"alt":"","pixels":2457600,"type":"image\/jpeg"}],"twitter_misc":{"\u00c9crit par":"Nadege","Dur\u00e9e de lecture est.":"2 minutes"},"schema":{"@context":"https:\/\/schema.org","@graph":[{"@type":"WebSite","@id":"https:\/\/yogaandco.fr\/site\/#website","url":"https:\/\/yogaandco.fr\/site\/","name":"Yoga &amp; co","description":"Yoga pour tous","potentialAction":[{"@type":"SearchAction","target":{"@type":"EntryPoint","urlTemplate":"https:\/\/yogaandco.fr\/site\/?s={search_term_string}"},"query-input":"required name=search_term_string"}],"inLanguage":"fr-FR"},{"@type":"ImageObject","@id":"https:\/\/yogaandco.fr\/site\/2025\/03\/19\/atelier-rituel-dete\/#primaryimage","inLanguage":"fr-FR","url":"https:\/\/yogaandco.fr\/site\/wp-content\/uploads\/2023\/03\/MARINE-NATURE.jpg","contentUrl":"https:\/\/yogaandco.fr\/site\/wp-content\/uploads\/2023\/03\/MARINE-NATURE.jpg","width":1280,"height":1920},{"@type":"WebPage","@id":"https:\/\/yogaandco.fr\/site\/2025\/03\/19\/atelier-rituel-dete\/#webpage","url":"https:\/\/yogaandco.fr\/site\/2025\/03\/19\/atelier-rituel-dete\/","name":"ATELIER RITUEL D'ETE - EXPANSION &amp; JOIE INTERIEURE LE 7 JUIN - Yoga &amp; co","isPartOf":{"@id":"https:\/\/yogaandco.fr\/site\/#website"},"primaryImageOfPage":{"@id":"https:\/\/yogaandco.fr\/site\/2025\/03\/19\/atelier-rituel-dete\/#primaryimage"},"datePublished":"2025-03-19T10:00:00+00:00","dateModified":"2026-04-01T17:33:36+00:00","author":{"@id":"https:\/\/yogaandco.fr\/site\/#\/schema\/person\/5fd8e3d6f5bf476db6483db2b29f9f9b"},"breadcrumb":{"@id":"https:\/\/yogaandco.fr\/site\/2025\/03\/19\/atelier-rituel-dete\/#breadcrumb"},"inLanguage":"fr-FR","potentialAction":[{"@type":"ReadAction","target":["https:\/\/yogaandco.fr\/site\/2025\/03\/19\/atelier-rituel-dete\/"]}]},{"@type":"BreadcrumbList","@id":"https:\/\/yogaandco.fr\/site\/2025\/03\/19\/atelier-rituel-dete\/#breadcrumb","itemListElement":[{"@type":"ListItem","position":1,"name":"Accueil","item":"https:\/\/yogaandco.fr\/site\/"},{"@type":"ListItem","position":2,"name":"ATELIER RITUEL D&rsquo;ETE &#8211; EXPANSION &amp; JOIE INTERIEURE LE 7 JUIN"}]},{"@type":"Person","@id":"https:\/\/yogaandco.fr\/site\/#\/schema\/person\/5fd8e3d6f5bf476db6483db2b29f9f9b","name":"Nadege","image":{"@type":"ImageObject","@id":"https:\/\/yogaandco.fr\/site\/#personlogo","inLanguage":"fr-FR","url":"https:\/\/secure.gravatar.com\/avatar\/1cb5d4fd74c73a8a09ac2842d663788e?s=96&d=mm&r=g","contentUrl":"https:\/\/secure.gravatar.com\/avatar\/1cb5d4fd74c73a8a09ac2842d663788e?s=96&d=mm&r=g","caption":"Nadege"},"sameAs":["http:\/\/paris-yoga.blogspot.fr\/"],"url":"https:\/\/yogaandco.fr\/site\/author\/nadege\/"}]}},"_links":{"self":[{"href":"https:\/\/yogaandco.fr\/site\/wp-json\/wp\/v2\/posts\/13263"}],"collection":[{"href":"https:\/\/yogaandco.fr\/site\/wp-json\/wp\/v2\/posts"}],"about":[{"href":"https:\/\/yogaandco.fr\/site\/wp-json\/wp\/v2\/types\/post"}],"author":[{"embeddable":true,"href":"https:\/\/yogaandco.fr\/site\/wp-json\/wp\/v2\/users\/2"}],"replies":[{"embeddable":true,"href":"https:\/\/yogaandco.fr\/site\/wp-json\/wp\/v2\/comments?post=13263"}],"version-history":[{"count":5,"href":"https:\/\/yogaandco.fr\/site\/wp-json\/wp\/v2\/posts\/13263\/revisions"}],"predecessor-version":[{"id":13462,"href":"https:\/\/yogaandco.fr\/site\/wp-json\/wp\/v2\/posts\/13263\/revisions\/13462"}],"wp:featuredmedia":[{"embeddable":true,"href":"https:\/\/yogaandco.fr\/site\/wp-json\/wp\/v2\/media\/12727"}],"wp:attachment":[{"href":"https:\/\/yogaandco.fr\/site\/wp-json\/wp\/v2\/media?parent=13263"}],"wp:term":[{"taxonomy":"category","embeddable":true,"href":"https:\/\/yogaandco.fr\/site\/wp-json\/wp\/v2\/categories?post=13263"},{"taxonomy":"post_tag","embeddable":true,"href":"https:\/\/yogaandco.fr\/site\/wp-json\/wp\/v2\/tags?post=13263"}],"curies":[{"name":"wp","href":"https:\/\/api.w.org\/{rel}","templated":true}]}}