{"id":13280,"date":"2025-03-21T10:23:00","date_gmt":"2025-03-21T09:23:00","guid":{"rendered":"https:\/\/yogaandco.fr\/site\/?p=13280"},"modified":"2026-04-09T17:47:18","modified_gmt":"2026-04-09T16:47:18","slug":"atelier-yoga-et-bain-sonore-2","status":"publish","type":"post","link":"https:\/\/yogaandco.fr\/site\/2025\/03\/21\/atelier-yoga-et-bain-sonore-2\/","title":{"rendered":"ATELIER YOGA &amp; BAIN SONORE LE 17 MAI"},"content":{"rendered":"<p><img decoding=\"async\" class=\"alignnone wp-image-13233 size-thumbnail\" src=\"https:\/\/yogaandco.fr\/site\/wp-content\/uploads\/2025\/08\/COLOMBA-BAINS-SONORES-150x150.jpg\" alt=\"\" width=\"150\" height=\"150\" \/><\/p>\n<p>&#x1f315; <b>Un <\/b><b>rendez-vous<\/b> <b>mensuel<\/b><b> pour le corps et <\/b><b>l&rsquo;esprit<\/b> &#x1f33f;<\/p>\n<p>Chaque mois, <b>Colomba<\/b> vous invite \u00e0 un atelier unique de <b>2 <\/b><b>heures<\/b>, alliant <b>yoga <\/b><b>int\u00e9gral<\/b> et <b>bains<\/b> <b>sonores<\/b>.<\/p>\n<p>&#x1f9d8;&#x200d;&#x2640;&#xfe0f; <b>1h30 de yoga <\/b><b>en<\/b> <b>mouvement<\/b><b> et <\/b><b>en<\/b><b> respiration<\/b> pour d\u00e9lier le corps, apaiser l&rsquo;esprit et reconnecter \u00e0 soi.<\/p>\n<p>&#x1f3b6; Puis, laissez-vous porter par <b>30 minutes de <\/b><b>m\u00e9ditation<\/b> <b>sonore<\/b>, berc\u00e9(e) par les vibrations profondes des bols chantants\u2026 Un v\u00e9ritable voyage int\u00e9rieur.<\/p>\n<p>&#x2728; Une parenth\u00e8se bien-\u00eatre pour vous recentrer et vous ressourcer.<\/p>\n<div class=\"wp-block-columns\">\n<div class=\"wp-block-column is-vertically-aligned-center\">45 \u20ac ou 2 cr\u00e9dits sur votre abonnement valable un an<\/div>\n<\/div>\n<h3 style=\"text-align: center;\"><a href=\"https:\/\/backoffice.bsport.io\/customer\/payment\/offer\/35075425?membership=425\" data-wplink-edit=\"true\">Je r\u00e9serve<\/a><\/h3>\n<div class=\"wp-block-columns\">\u00a0<\/div>\n\n\n\n\n\n\n\n","protected":false},"excerpt":{"rendered":"<p>&#x1f315; Un rendez-vous mensuel pour le corps et l&rsquo;esprit &#x1f33f; Chaque mois, Colomba vous invite \u00e0 un atelier unique de 2 heures, alliant yoga int\u00e9gral et bains sonores. &#x1f9d8;&#x200d;&#x2640;&#xfe0f; 1h30 de yoga en mouvement et en respiration pour d\u00e9lier le corps, apaiser l&rsquo;esprit et reconnecter \u00e0 soi. &#x1f3b6; Puis, laissez-vous porter par 30 minutes de &hellip;<\/p>\n<p class=\"read-more\"> <a class=\"\" href=\"https:\/\/yogaandco.fr\/site\/2025\/03\/21\/atelier-yoga-et-bain-sonore-2\/\"> <span class=\"screen-reader-text\">ATELIER YOGA &amp; BAIN SONORE LE 17 MAI<\/span> Lire la suite\u00a0\u00bb<\/a><\/p>\n","protected":false},"author":2,"featured_media":13233,"comment_status":"closed","ping_status":"closed","sticky":false,"template":"","format":"standard","meta":{"_monsterinsights_skip_tracking":false,"_monsterinsights_sitenote_active":false,"_monsterinsights_sitenote_note":"","_monsterinsights_sitenote_category":0,"footnotes":""},"categories":[4,84],"tags":[173,172,102,19],"class_list":["post-13280","post","type-post","status-publish","format-standard","has-post-thumbnail","hentry","category-actualite","category-ateliers","tag-ete","tag-ouvert","tag-paris19","tag-yoga"],"yoast_head":"<!-- This site is optimized with the Yoast SEO plugin v16.8 - https:\/\/yoast.com\/wordpress\/plugins\/seo\/ -->\n<title>ATELIER YOGA &amp; BAIN SONORE LE 17 MAI - Yoga &amp; co<\/title>\n<meta name=\"robots\" content=\"index, follow, max-snippet:-1, max-image-preview:large, max-video-preview:-1\" \/>\n<link rel=\"canonical\" href=\"https:\/\/yogaandco.fr\/site\/2025\/03\/21\/atelier-yoga-et-bain-sonore-2\/\" \/>\n<meta property=\"og:locale\" content=\"fr_FR\" \/>\n<meta property=\"og:type\" content=\"article\" \/>\n<meta property=\"og:title\" content=\"ATELIER YOGA &amp; BAIN SONORE LE 17 MAI - Yoga &amp; co\" \/>\n<meta property=\"og:description\" content=\"&#x1f315; Un rendez-vous mensuel pour le corps et l&rsquo;esprit &#x1f33f; Chaque mois, Colomba vous invite \u00e0 un atelier unique de 2 heures, alliant yoga int\u00e9gral et bains sonores. &#x1f9d8;&#x200d;&#x2640;&#xfe0f; 1h30 de yoga en mouvement et en respiration pour d\u00e9lier le corps, apaiser l&rsquo;esprit et reconnecter \u00e0 soi. &#x1f3b6; Puis, laissez-vous porter par 30 minutes de &hellip; ATELIER YOGA &amp; BAIN SONORE LE 17 MAI Lire la suite\u00a0\u00bb\" \/>\n<meta property=\"og:url\" content=\"https:\/\/yogaandco.fr\/site\/2025\/03\/21\/atelier-yoga-et-bain-sonore-2\/\" \/>\n<meta property=\"og:site_name\" content=\"Yoga &amp; co\" \/>\n<meta property=\"article:published_time\" content=\"2025-03-21T09:23:00+00:00\" \/>\n<meta property=\"article:modified_time\" content=\"2026-04-09T16:47:18+00:00\" \/>\n<meta property=\"og:image\" content=\"https:\/\/yogaandco.fr\/site\/wp-content\/uploads\/2025\/08\/COLOMBA-BAINS-SONORES.jpg\" \/>\n\t<meta property=\"og:image:width\" content=\"359\" \/>\n\t<meta property=\"og:image:height\" content=\"643\" \/>\n<meta name=\"twitter:label1\" content=\"\u00c9crit par\" \/>\n\t<meta name=\"twitter:data1\" content=\"Nadege\" \/>\n\t<meta name=\"twitter:label2\" content=\"Dur\u00e9e de lecture est.\" \/>\n\t<meta name=\"twitter:data2\" content=\"1 minute\" \/>\n<script type=\"application\/ld+json\" class=\"yoast-schema-graph\">{\"@context\":\"https:\/\/schema.org\",\"@graph\":[{\"@type\":\"WebSite\",\"@id\":\"https:\/\/yogaandco.fr\/site\/#website\",\"url\":\"https:\/\/yogaandco.fr\/site\/\",\"name\":\"Yoga &amp; co\",\"description\":\"Yoga pour tous\",\"potentialAction\":[{\"@type\":\"SearchAction\",\"target\":{\"@type\":\"EntryPoint\",\"urlTemplate\":\"https:\/\/yogaandco.fr\/site\/?s={search_term_string}\"},\"query-input\":\"required name=search_term_string\"}],\"inLanguage\":\"fr-FR\"},{\"@type\":\"ImageObject\",\"@id\":\"https:\/\/yogaandco.fr\/site\/2025\/03\/21\/atelier-yoga-et-bain-sonore-2\/#primaryimage\",\"inLanguage\":\"fr-FR\",\"url\":\"https:\/\/yogaandco.fr\/site\/wp-content\/uploads\/2025\/08\/COLOMBA-BAINS-SONORES.jpg\",\"contentUrl\":\"https:\/\/yogaandco.fr\/site\/wp-content\/uploads\/2025\/08\/COLOMBA-BAINS-SONORES.jpg\",\"width\":359,\"height\":643},{\"@type\":\"WebPage\",\"@id\":\"https:\/\/yogaandco.fr\/site\/2025\/03\/21\/atelier-yoga-et-bain-sonore-2\/#webpage\",\"url\":\"https:\/\/yogaandco.fr\/site\/2025\/03\/21\/atelier-yoga-et-bain-sonore-2\/\",\"name\":\"ATELIER YOGA &amp; BAIN SONORE LE 17 MAI - Yoga &amp; co\",\"isPartOf\":{\"@id\":\"https:\/\/yogaandco.fr\/site\/#website\"},\"primaryImageOfPage\":{\"@id\":\"https:\/\/yogaandco.fr\/site\/2025\/03\/21\/atelier-yoga-et-bain-sonore-2\/#primaryimage\"},\"datePublished\":\"2025-03-21T09:23:00+00:00\",\"dateModified\":\"2026-04-09T16:47:18+00:00\",\"author\":{\"@id\":\"https:\/\/yogaandco.fr\/site\/#\/schema\/person\/5fd8e3d6f5bf476db6483db2b29f9f9b\"},\"breadcrumb\":{\"@id\":\"https:\/\/yogaandco.fr\/site\/2025\/03\/21\/atelier-yoga-et-bain-sonore-2\/#breadcrumb\"},\"inLanguage\":\"fr-FR\",\"potentialAction\":[{\"@type\":\"ReadAction\",\"target\":[\"https:\/\/yogaandco.fr\/site\/2025\/03\/21\/atelier-yoga-et-bain-sonore-2\/\"]}]},{\"@type\":\"BreadcrumbList\",\"@id\":\"https:\/\/yogaandco.fr\/site\/2025\/03\/21\/atelier-yoga-et-bain-sonore-2\/#breadcrumb\",\"itemListElement\":[{\"@type\":\"ListItem\",\"position\":1,\"name\":\"Accueil\",\"item\":\"https:\/\/yogaandco.fr\/site\/\"},{\"@type\":\"ListItem\",\"position\":2,\"name\":\"ATELIER YOGA &amp; BAIN SONORE LE 17 MAI\"}]},{\"@type\":\"Person\",\"@id\":\"https:\/\/yogaandco.fr\/site\/#\/schema\/person\/5fd8e3d6f5bf476db6483db2b29f9f9b\",\"name\":\"Nadege\",\"image\":{\"@type\":\"ImageObject\",\"@id\":\"https:\/\/yogaandco.fr\/site\/#personlogo\",\"inLanguage\":\"fr-FR\",\"url\":\"https:\/\/secure.gravatar.com\/avatar\/1cb5d4fd74c73a8a09ac2842d663788e?s=96&d=mm&r=g\",\"contentUrl\":\"https:\/\/secure.gravatar.com\/avatar\/1cb5d4fd74c73a8a09ac2842d663788e?s=96&d=mm&r=g\",\"caption\":\"Nadege\"},\"sameAs\":[\"http:\/\/paris-yoga.blogspot.fr\/\"],\"url\":\"https:\/\/yogaandco.fr\/site\/author\/nadege\/\"}]}<\/script>\n<!-- \/ Yoast SEO plugin. -->","yoast_head_json":{"title":"ATELIER YOGA &amp; BAIN SONORE LE 17 MAI - Yoga &amp; co","robots":{"index":"index","follow":"follow","max-snippet":"max-snippet:-1","max-image-preview":"max-image-preview:large","max-video-preview":"max-video-preview:-1"},"canonical":"https:\/\/yogaandco.fr\/site\/2025\/03\/21\/atelier-yoga-et-bain-sonore-2\/","og_locale":"fr_FR","og_type":"article","og_title":"ATELIER YOGA &amp; BAIN SONORE LE 17 MAI - Yoga &amp; co","og_description":"&#x1f315; Un rendez-vous mensuel pour le corps et l&rsquo;esprit &#x1f33f; Chaque mois, Colomba vous invite \u00e0 un atelier unique de 2 heures, alliant yoga int\u00e9gral et bains sonores. &#x1f9d8;&#x200d;&#x2640;&#xfe0f; 1h30 de yoga en mouvement et en respiration pour d\u00e9lier le corps, apaiser l&rsquo;esprit et reconnecter \u00e0 soi. &#x1f3b6; Puis, laissez-vous porter par 30 minutes de &hellip; ATELIER YOGA &amp; BAIN SONORE LE 17 MAI Lire la suite\u00a0\u00bb","og_url":"https:\/\/yogaandco.fr\/site\/2025\/03\/21\/atelier-yoga-et-bain-sonore-2\/","og_site_name":"Yoga &amp; co","article_published_time":"2025-03-21T09:23:00+00:00","article_modified_time":"2026-04-09T16:47:18+00:00","og_image":[{"width":359,"height":643,"filesize":31864,"url":"https:\/\/yogaandco.fr\/site\/wp-content\/uploads\/2025\/08\/COLOMBA-BAINS-SONORES.jpg","path":"\/homepages\/20\/d419710255\/htdocs\/site\/wp-content\/uploads\/2025\/08\/COLOMBA-BAINS-SONORES.jpg","size":"full","id":13233,"alt":"","pixels":230837,"type":"image\/jpeg"}],"twitter_misc":{"\u00c9crit par":"Nadege","Dur\u00e9e de lecture est.":"1 minute"},"schema":{"@context":"https:\/\/schema.org","@graph":[{"@type":"WebSite","@id":"https:\/\/yogaandco.fr\/site\/#website","url":"https:\/\/yogaandco.fr\/site\/","name":"Yoga &amp; co","description":"Yoga pour tous","potentialAction":[{"@type":"SearchAction","target":{"@type":"EntryPoint","urlTemplate":"https:\/\/yogaandco.fr\/site\/?s={search_term_string}"},"query-input":"required name=search_term_string"}],"inLanguage":"fr-FR"},{"@type":"ImageObject","@id":"https:\/\/yogaandco.fr\/site\/2025\/03\/21\/atelier-yoga-et-bain-sonore-2\/#primaryimage","inLanguage":"fr-FR","url":"https:\/\/yogaandco.fr\/site\/wp-content\/uploads\/2025\/08\/COLOMBA-BAINS-SONORES.jpg","contentUrl":"https:\/\/yogaandco.fr\/site\/wp-content\/uploads\/2025\/08\/COLOMBA-BAINS-SONORES.jpg","width":359,"height":643},{"@type":"WebPage","@id":"https:\/\/yogaandco.fr\/site\/2025\/03\/21\/atelier-yoga-et-bain-sonore-2\/#webpage","url":"https:\/\/yogaandco.fr\/site\/2025\/03\/21\/atelier-yoga-et-bain-sonore-2\/","name":"ATELIER YOGA &amp; BAIN SONORE LE 17 MAI - Yoga &amp; co","isPartOf":{"@id":"https:\/\/yogaandco.fr\/site\/#website"},"primaryImageOfPage":{"@id":"https:\/\/yogaandco.fr\/site\/2025\/03\/21\/atelier-yoga-et-bain-sonore-2\/#primaryimage"},"datePublished":"2025-03-21T09:23:00+00:00","dateModified":"2026-04-09T16:47:18+00:00","author":{"@id":"https:\/\/yogaandco.fr\/site\/#\/schema\/person\/5fd8e3d6f5bf476db6483db2b29f9f9b"},"breadcrumb":{"@id":"https:\/\/yogaandco.fr\/site\/2025\/03\/21\/atelier-yoga-et-bain-sonore-2\/#breadcrumb"},"inLanguage":"fr-FR","potentialAction":[{"@type":"ReadAction","target":["https:\/\/yogaandco.fr\/site\/2025\/03\/21\/atelier-yoga-et-bain-sonore-2\/"]}]},{"@type":"BreadcrumbList","@id":"https:\/\/yogaandco.fr\/site\/2025\/03\/21\/atelier-yoga-et-bain-sonore-2\/#breadcrumb","itemListElement":[{"@type":"ListItem","position":1,"name":"Accueil","item":"https:\/\/yogaandco.fr\/site\/"},{"@type":"ListItem","position":2,"name":"ATELIER YOGA &amp; BAIN SONORE LE 17 MAI"}]},{"@type":"Person","@id":"https:\/\/yogaandco.fr\/site\/#\/schema\/person\/5fd8e3d6f5bf476db6483db2b29f9f9b","name":"Nadege","image":{"@type":"ImageObject","@id":"https:\/\/yogaandco.fr\/site\/#personlogo","inLanguage":"fr-FR","url":"https:\/\/secure.gravatar.com\/avatar\/1cb5d4fd74c73a8a09ac2842d663788e?s=96&d=mm&r=g","contentUrl":"https:\/\/secure.gravatar.com\/avatar\/1cb5d4fd74c73a8a09ac2842d663788e?s=96&d=mm&r=g","caption":"Nadege"},"sameAs":["http:\/\/paris-yoga.blogspot.fr\/"],"url":"https:\/\/yogaandco.fr\/site\/author\/nadege\/"}]}},"_links":{"self":[{"href":"https:\/\/yogaandco.fr\/site\/wp-json\/wp\/v2\/posts\/13280"}],"collection":[{"href":"https:\/\/yogaandco.fr\/site\/wp-json\/wp\/v2\/posts"}],"about":[{"href":"https:\/\/yogaandco.fr\/site\/wp-json\/wp\/v2\/types\/post"}],"author":[{"embeddable":true,"href":"https:\/\/yogaandco.fr\/site\/wp-json\/wp\/v2\/users\/2"}],"replies":[{"embeddable":true,"href":"https:\/\/yogaandco.fr\/site\/wp-json\/wp\/v2\/comments?post=13280"}],"version-history":[{"count":7,"href":"https:\/\/yogaandco.fr\/site\/wp-json\/wp\/v2\/posts\/13280\/revisions"}],"predecessor-version":[{"id":13425,"href":"https:\/\/yogaandco.fr\/site\/wp-json\/wp\/v2\/posts\/13280\/revisions\/13425"}],"wp:featuredmedia":[{"embeddable":true,"href":"https:\/\/yogaandco.fr\/site\/wp-json\/wp\/v2\/media\/13233"}],"wp:attachment":[{"href":"https:\/\/yogaandco.fr\/site\/wp-json\/wp\/v2\/media?parent=13280"}],"wp:term":[{"taxonomy":"category","embeddable":true,"href":"https:\/\/yogaandco.fr\/site\/wp-json\/wp\/v2\/categories?post=13280"},{"taxonomy":"post_tag","embeddable":true,"href":"https:\/\/yogaandco.fr\/site\/wp-json\/wp\/v2\/tags?post=13280"}],"curies":[{"name":"wp","href":"https:\/\/api.w.org\/{rel}","templated":true}]}}