{"id":13411,"date":"2026-03-05T09:27:55","date_gmt":"2026-03-05T08:27:55","guid":{"rendered":"https:\/\/yogaandco.fr\/site\/?p=13411"},"modified":"2026-03-31T21:57:36","modified_gmt":"2026-03-31T20:57:36","slug":"lucile-2","status":"publish","type":"post","link":"https:\/\/yogaandco.fr\/site\/2026\/03\/05\/lucile-2\/","title":{"rendered":"Lucile"},"content":{"rendered":"\n<div class=\"wp-block-columns is-layout-flex wp-container-core-columns-is-layout-1 wp-block-columns-is-layout-flex\">\n<div class=\"wp-block-column is-layout-flow wp-block-column-is-layout-flow\">\n<figure class=\"wp-block-image size-large is-resized is-style-rounded\"><img decoding=\"async\" width=\"434\" height=\"500\" src=\"https:\/\/yogaandco.fr\/site\/wp-content\/uploads\/2026\/03\/Lucile-v3-434x500.jpeg\" alt=\"\" class=\"wp-image-13459\" style=\"width:147px;height:auto\" srcset=\"https:\/\/yogaandco.fr\/site\/wp-content\/uploads\/2026\/03\/Lucile-v3-434x500.jpeg 434w, https:\/\/yogaandco.fr\/site\/wp-content\/uploads\/2026\/03\/Lucile-v3-260x300.jpeg 260w, https:\/\/yogaandco.fr\/site\/wp-content\/uploads\/2026\/03\/Lucile-v3-768x885.jpeg 768w, https:\/\/yogaandco.fr\/site\/wp-content\/uploads\/2026\/03\/Lucile-v3-600x691.jpeg 600w, https:\/\/yogaandco.fr\/site\/wp-content\/uploads\/2026\/03\/Lucile-v3.jpeg 1051w\" sizes=\"(max-width: 434px) 100vw, 434px\" \/><\/figure>\n<\/div>\n\n\n\n<div class=\"wp-block-column is-layout-flow wp-block-column-is-layout-flow\">\n<h1>LUCILE<\/h1>\n<h4>\u00a0<a href=\"https:\/\/yogaandco.fr\/site\/2012\/07\/10\/vinasya\/\">Yoga vinyasa<\/a><\/h4>\n<div>\n<div class=\"ox-2e61996539-elementToProof\">Lucile a d\u00e9couvert le yoga en Angleterre en 2013, suite \u00e0 des gros probl\u00e8mes de dos, et ne l&rsquo;a plus jamais quitt\u00e9. Apr\u00e8s 12 ans de pratique et de d\u00e9couverte, elle se forme \u00e0 l&rsquo;enseignement en Hatha et Vinyasa aupr\u00e8s de Yoga Vision (200h) et commence \u00e0 transmettre, d&rsquo;abord \u00e0 ses coll\u00e8gues pendant les pauses d\u00e9jeuner, pour rel\u00e2cher le stress et les tensions, puis dans les studios.<\/div>\n<\/div>\n<div>\u00a0<\/div>\n<div>Engag\u00e9e, elle anime \u00e0 ses heures perdues des ateliers yoga \u00ab\u00a0Girl Power\u00a0\u00bb en non-mixit\u00e9 choisie. Lors de ces ateliers on explore l&#8217;empowerment de chacune via diff\u00e9rents chemins et en mobilisant diff\u00e9rentes techniques, par exemple la sophrologie, ou la pratique de yoga en chansons.<\/div>\n<div>\n<div class=\"ox-2e61996539-elementToProof\">\u00a0<\/div>\n<div class=\"ox-2e61996539-elementToProof\">Elle propose un Vinyasa dynamique et accessible \u00e0 toutes et tous, dans la bienveillance et l&rsquo;\u00e9coute de son corps.<\/div>\n<div class=\"ox-2e61996539-elementToProof\">\u00a0<\/div>\n<\/div>\n<div>\u00a0<\/div>\n<\/div>\n<\/div>\n\n\n\n<div class=\"wp-block-buttons is-content-justification-center is-layout-flex wp-block-buttons-is-layout-flex\">\n<div class=\"wp-block-button is-style-outline is-style-outline--8fd7de0b45561d7b7fb2662738c0782f\"><a class=\"wp-block-button__link has-text-color no-border-radius\" href=\"https:\/\/yogaandco.fr\/site\/?page_id=294\" style=\"color:#2a504d\">Voir les autres professeurs<\/a><\/div>\n<\/div>\n\n\n","protected":false},"excerpt":{"rendered":"<p>LUCILE \u00a0Yoga vinyasa Lucile a d\u00e9couvert le yoga en Angleterre en 2013, suite \u00e0 des gros probl\u00e8mes de dos, et ne l&rsquo;a plus jamais quitt\u00e9. Apr\u00e8s 12 ans de pratique et de d\u00e9couverte, elle se forme \u00e0 l&rsquo;enseignement en Hatha et Vinyasa aupr\u00e8s de Yoga Vision (200h) et commence \u00e0 transmettre, d&rsquo;abord \u00e0 ses coll\u00e8gues &hellip;<\/p>\n<p class=\"read-more\"> <a class=\"\" href=\"https:\/\/yogaandco.fr\/site\/2026\/03\/05\/lucile-2\/\"> <span class=\"screen-reader-text\">Lucile<\/span> Lire la suite\u00a0\u00bb<\/a><\/p>\n","protected":false},"author":2,"featured_media":13459,"comment_status":"closed","ping_status":"closed","sticky":false,"template":"","format":"standard","meta":{"_monsterinsights_skip_tracking":false,"_monsterinsights_sitenote_active":false,"_monsterinsights_sitenote_note":"","_monsterinsights_sitenote_category":0,"footnotes":""},"categories":[10],"tags":[],"class_list":["post-13411","post","type-post","status-publish","format-standard","has-post-thumbnail","hentry","category-professeur"],"yoast_head":"<!-- This site is optimized with the Yoast SEO plugin v16.8 - https:\/\/yoast.com\/wordpress\/plugins\/seo\/ -->\n<title>Lucile - Yoga &amp; co<\/title>\n<meta name=\"robots\" content=\"index, follow, max-snippet:-1, max-image-preview:large, max-video-preview:-1\" \/>\n<link rel=\"canonical\" href=\"https:\/\/yogaandco.fr\/site\/2026\/03\/05\/lucile-2\/\" \/>\n<meta property=\"og:locale\" content=\"fr_FR\" \/>\n<meta property=\"og:type\" content=\"article\" \/>\n<meta property=\"og:title\" content=\"Lucile - Yoga &amp; co\" \/>\n<meta property=\"og:description\" content=\"LUCILE \u00a0Yoga vinyasa Lucile a d\u00e9couvert le yoga en Angleterre en 2013, suite \u00e0 des gros probl\u00e8mes de dos, et ne l&rsquo;a plus jamais quitt\u00e9. Apr\u00e8s 12 ans de pratique et de d\u00e9couverte, elle se forme \u00e0 l&rsquo;enseignement en Hatha et Vinyasa aupr\u00e8s de Yoga Vision (200h) et commence \u00e0 transmettre, d&rsquo;abord \u00e0 ses coll\u00e8gues &hellip; Lucile Lire la suite\u00a0\u00bb\" \/>\n<meta property=\"og:url\" content=\"https:\/\/yogaandco.fr\/site\/2026\/03\/05\/lucile-2\/\" \/>\n<meta property=\"og:site_name\" content=\"Yoga &amp; co\" \/>\n<meta property=\"article:published_time\" content=\"2026-03-05T08:27:55+00:00\" \/>\n<meta property=\"article:modified_time\" content=\"2026-03-31T20:57:36+00:00\" \/>\n<meta property=\"og:image\" content=\"https:\/\/yogaandco.fr\/site\/wp-content\/uploads\/2026\/03\/Lucile-v3.jpeg\" \/>\n\t<meta property=\"og:image:width\" content=\"1051\" \/>\n\t<meta property=\"og:image:height\" content=\"1211\" \/>\n<meta name=\"twitter:label1\" content=\"\u00c9crit par\" \/>\n\t<meta name=\"twitter:data1\" content=\"Nadege\" \/>\n\t<meta name=\"twitter:label2\" content=\"Dur\u00e9e de lecture est.\" \/>\n\t<meta name=\"twitter:data2\" content=\"1 minute\" \/>\n<script type=\"application\/ld+json\" class=\"yoast-schema-graph\">{\"@context\":\"https:\/\/schema.org\",\"@graph\":[{\"@type\":\"WebSite\",\"@id\":\"https:\/\/yogaandco.fr\/site\/#website\",\"url\":\"https:\/\/yogaandco.fr\/site\/\",\"name\":\"Yoga &amp; co\",\"description\":\"Yoga pour tous\",\"potentialAction\":[{\"@type\":\"SearchAction\",\"target\":{\"@type\":\"EntryPoint\",\"urlTemplate\":\"https:\/\/yogaandco.fr\/site\/?s={search_term_string}\"},\"query-input\":\"required name=search_term_string\"}],\"inLanguage\":\"fr-FR\"},{\"@type\":\"ImageObject\",\"@id\":\"https:\/\/yogaandco.fr\/site\/2026\/03\/05\/lucile-2\/#primaryimage\",\"inLanguage\":\"fr-FR\",\"url\":\"https:\/\/yogaandco.fr\/site\/wp-content\/uploads\/2026\/03\/Lucile-v3.jpeg\",\"contentUrl\":\"https:\/\/yogaandco.fr\/site\/wp-content\/uploads\/2026\/03\/Lucile-v3.jpeg\",\"width\":1051,\"height\":1211},{\"@type\":\"WebPage\",\"@id\":\"https:\/\/yogaandco.fr\/site\/2026\/03\/05\/lucile-2\/#webpage\",\"url\":\"https:\/\/yogaandco.fr\/site\/2026\/03\/05\/lucile-2\/\",\"name\":\"Lucile - Yoga &amp; co\",\"isPartOf\":{\"@id\":\"https:\/\/yogaandco.fr\/site\/#website\"},\"primaryImageOfPage\":{\"@id\":\"https:\/\/yogaandco.fr\/site\/2026\/03\/05\/lucile-2\/#primaryimage\"},\"datePublished\":\"2026-03-05T08:27:55+00:00\",\"dateModified\":\"2026-03-31T20:57:36+00:00\",\"author\":{\"@id\":\"https:\/\/yogaandco.fr\/site\/#\/schema\/person\/5fd8e3d6f5bf476db6483db2b29f9f9b\"},\"breadcrumb\":{\"@id\":\"https:\/\/yogaandco.fr\/site\/2026\/03\/05\/lucile-2\/#breadcrumb\"},\"inLanguage\":\"fr-FR\",\"potentialAction\":[{\"@type\":\"ReadAction\",\"target\":[\"https:\/\/yogaandco.fr\/site\/2026\/03\/05\/lucile-2\/\"]}]},{\"@type\":\"BreadcrumbList\",\"@id\":\"https:\/\/yogaandco.fr\/site\/2026\/03\/05\/lucile-2\/#breadcrumb\",\"itemListElement\":[{\"@type\":\"ListItem\",\"position\":1,\"name\":\"Accueil\",\"item\":\"https:\/\/yogaandco.fr\/site\/\"},{\"@type\":\"ListItem\",\"position\":2,\"name\":\"Lucile\"}]},{\"@type\":\"Person\",\"@id\":\"https:\/\/yogaandco.fr\/site\/#\/schema\/person\/5fd8e3d6f5bf476db6483db2b29f9f9b\",\"name\":\"Nadege\",\"image\":{\"@type\":\"ImageObject\",\"@id\":\"https:\/\/yogaandco.fr\/site\/#personlogo\",\"inLanguage\":\"fr-FR\",\"url\":\"https:\/\/secure.gravatar.com\/avatar\/1cb5d4fd74c73a8a09ac2842d663788e?s=96&d=mm&r=g\",\"contentUrl\":\"https:\/\/secure.gravatar.com\/avatar\/1cb5d4fd74c73a8a09ac2842d663788e?s=96&d=mm&r=g\",\"caption\":\"Nadege\"},\"sameAs\":[\"http:\/\/paris-yoga.blogspot.fr\/\"],\"url\":\"https:\/\/yogaandco.fr\/site\/author\/nadege\/\"}]}<\/script>\n<!-- \/ Yoast SEO plugin. -->","yoast_head_json":{"title":"Lucile - Yoga &amp; co","robots":{"index":"index","follow":"follow","max-snippet":"max-snippet:-1","max-image-preview":"max-image-preview:large","max-video-preview":"max-video-preview:-1"},"canonical":"https:\/\/yogaandco.fr\/site\/2026\/03\/05\/lucile-2\/","og_locale":"fr_FR","og_type":"article","og_title":"Lucile - Yoga &amp; co","og_description":"LUCILE \u00a0Yoga vinyasa Lucile a d\u00e9couvert le yoga en Angleterre en 2013, suite \u00e0 des gros probl\u00e8mes de dos, et ne l&rsquo;a plus jamais quitt\u00e9. Apr\u00e8s 12 ans de pratique et de d\u00e9couverte, elle se forme \u00e0 l&rsquo;enseignement en Hatha et Vinyasa aupr\u00e8s de Yoga Vision (200h) et commence \u00e0 transmettre, d&rsquo;abord \u00e0 ses coll\u00e8gues &hellip; Lucile Lire la suite\u00a0\u00bb","og_url":"https:\/\/yogaandco.fr\/site\/2026\/03\/05\/lucile-2\/","og_site_name":"Yoga &amp; co","article_published_time":"2026-03-05T08:27:55+00:00","article_modified_time":"2026-03-31T20:57:36+00:00","og_image":[{"width":1051,"height":1211,"filesize":156177,"url":"https:\/\/yogaandco.fr\/site\/wp-content\/uploads\/2026\/03\/Lucile-v3.jpeg","path":"\/homepages\/20\/d419710255\/htdocs\/site\/wp-content\/uploads\/2026\/03\/Lucile-v3.jpeg","size":"full","id":13459,"alt":"","pixels":1272761,"type":"image\/jpeg"}],"twitter_misc":{"\u00c9crit par":"Nadege","Dur\u00e9e de lecture est.":"1 minute"},"schema":{"@context":"https:\/\/schema.org","@graph":[{"@type":"WebSite","@id":"https:\/\/yogaandco.fr\/site\/#website","url":"https:\/\/yogaandco.fr\/site\/","name":"Yoga &amp; co","description":"Yoga pour tous","potentialAction":[{"@type":"SearchAction","target":{"@type":"EntryPoint","urlTemplate":"https:\/\/yogaandco.fr\/site\/?s={search_term_string}"},"query-input":"required name=search_term_string"}],"inLanguage":"fr-FR"},{"@type":"ImageObject","@id":"https:\/\/yogaandco.fr\/site\/2026\/03\/05\/lucile-2\/#primaryimage","inLanguage":"fr-FR","url":"https:\/\/yogaandco.fr\/site\/wp-content\/uploads\/2026\/03\/Lucile-v3.jpeg","contentUrl":"https:\/\/yogaandco.fr\/site\/wp-content\/uploads\/2026\/03\/Lucile-v3.jpeg","width":1051,"height":1211},{"@type":"WebPage","@id":"https:\/\/yogaandco.fr\/site\/2026\/03\/05\/lucile-2\/#webpage","url":"https:\/\/yogaandco.fr\/site\/2026\/03\/05\/lucile-2\/","name":"Lucile - Yoga &amp; co","isPartOf":{"@id":"https:\/\/yogaandco.fr\/site\/#website"},"primaryImageOfPage":{"@id":"https:\/\/yogaandco.fr\/site\/2026\/03\/05\/lucile-2\/#primaryimage"},"datePublished":"2026-03-05T08:27:55+00:00","dateModified":"2026-03-31T20:57:36+00:00","author":{"@id":"https:\/\/yogaandco.fr\/site\/#\/schema\/person\/5fd8e3d6f5bf476db6483db2b29f9f9b"},"breadcrumb":{"@id":"https:\/\/yogaandco.fr\/site\/2026\/03\/05\/lucile-2\/#breadcrumb"},"inLanguage":"fr-FR","potentialAction":[{"@type":"ReadAction","target":["https:\/\/yogaandco.fr\/site\/2026\/03\/05\/lucile-2\/"]}]},{"@type":"BreadcrumbList","@id":"https:\/\/yogaandco.fr\/site\/2026\/03\/05\/lucile-2\/#breadcrumb","itemListElement":[{"@type":"ListItem","position":1,"name":"Accueil","item":"https:\/\/yogaandco.fr\/site\/"},{"@type":"ListItem","position":2,"name":"Lucile"}]},{"@type":"Person","@id":"https:\/\/yogaandco.fr\/site\/#\/schema\/person\/5fd8e3d6f5bf476db6483db2b29f9f9b","name":"Nadege","image":{"@type":"ImageObject","@id":"https:\/\/yogaandco.fr\/site\/#personlogo","inLanguage":"fr-FR","url":"https:\/\/secure.gravatar.com\/avatar\/1cb5d4fd74c73a8a09ac2842d663788e?s=96&d=mm&r=g","contentUrl":"https:\/\/secure.gravatar.com\/avatar\/1cb5d4fd74c73a8a09ac2842d663788e?s=96&d=mm&r=g","caption":"Nadege"},"sameAs":["http:\/\/paris-yoga.blogspot.fr\/"],"url":"https:\/\/yogaandco.fr\/site\/author\/nadege\/"}]}},"_links":{"self":[{"href":"https:\/\/yogaandco.fr\/site\/wp-json\/wp\/v2\/posts\/13411"}],"collection":[{"href":"https:\/\/yogaandco.fr\/site\/wp-json\/wp\/v2\/posts"}],"about":[{"href":"https:\/\/yogaandco.fr\/site\/wp-json\/wp\/v2\/types\/post"}],"author":[{"embeddable":true,"href":"https:\/\/yogaandco.fr\/site\/wp-json\/wp\/v2\/users\/2"}],"replies":[{"embeddable":true,"href":"https:\/\/yogaandco.fr\/site\/wp-json\/wp\/v2\/comments?post=13411"}],"version-history":[{"count":2,"href":"https:\/\/yogaandco.fr\/site\/wp-json\/wp\/v2\/posts\/13411\/revisions"}],"predecessor-version":[{"id":13460,"href":"https:\/\/yogaandco.fr\/site\/wp-json\/wp\/v2\/posts\/13411\/revisions\/13460"}],"wp:featuredmedia":[{"embeddable":true,"href":"https:\/\/yogaandco.fr\/site\/wp-json\/wp\/v2\/media\/13459"}],"wp:attachment":[{"href":"https:\/\/yogaandco.fr\/site\/wp-json\/wp\/v2\/media?parent=13411"}],"wp:term":[{"taxonomy":"category","embeddable":true,"href":"https:\/\/yogaandco.fr\/site\/wp-json\/wp\/v2\/categories?post=13411"},{"taxonomy":"post_tag","embeddable":true,"href":"https:\/\/yogaandco.fr\/site\/wp-json\/wp\/v2\/tags?post=13411"}],"curies":[{"name":"wp","href":"https:\/\/api.w.org\/{rel}","templated":true}]}}