{"id":190,"date":"2021-03-13T14:28:00","date_gmt":"2021-03-13T13:28:00","guid":{"rendered":"http:\/\/yogaandco.fr\/site\/?p=190"},"modified":"2025-07-03T16:33:41","modified_gmt":"2025-07-03T15:33:41","slug":"eugenie-autissier-2","status":"publish","type":"post","link":"https:\/\/yogaandco.fr\/site\/2021\/03\/13\/eugenie-autissier-2\/","title":{"rendered":"Eug\u00e9nie"},"content":{"rendered":"\n<div class=\"wp-block-columns is-layout-flex wp-container-core-columns-is-layout-1 wp-block-columns-is-layout-flex\">\n<div class=\"wp-block-column is-layout-flow wp-block-column-is-layout-flow\">\n<figure class=\"wp-block-image size-large is-style-rounded\"><img decoding=\"async\" width=\"359\" height=\"500\" src=\"https:\/\/yogaandco.fr\/site\/wp-content\/uploads\/2022\/01\/EUGENIE-2022-359x500.jpg\" alt=\"\" class=\"wp-image-10878\" srcset=\"https:\/\/yogaandco.fr\/site\/wp-content\/uploads\/2022\/01\/EUGENIE-2022-359x500.jpg 359w, https:\/\/yogaandco.fr\/site\/wp-content\/uploads\/2022\/01\/EUGENIE-2022-216x300.jpg 216w, https:\/\/yogaandco.fr\/site\/wp-content\/uploads\/2022\/01\/EUGENIE-2022.jpg 700w\" sizes=\"(max-width: 359px) 100vw, 359px\" \/><\/figure>\n<\/div>\n\n\n\n<div class=\"wp-block-column is-layout-flow wp-block-column-is-layout-flow\">\n<h1>EUG\u00c9NIE<\/h1>\n<h4><a href=\"https:\/\/yogaandco.fr\/site\/2012\/07\/10\/hatha\/\">Hatha yoga<\/a> matinal<\/h4>\n<p>Depuis 2000, Eug\u00e9nie est une \u00ab accro \u00bb du yoga : sa boite \u00e0 outil de vie ! Ses multiples s\u00e9jours en immersion dans des ashrams (lieu de vie retir\u00e9 qui incite \u00e0 la recherche de son moi profond) au Guatemala, au Costa Rica, aux Etats Unis, en Inde et en France, lui ont permis d\u2019approfondir sa connaissance du yoga. Sa pratique personnelle d\u2019asanas s\u2019appuie sur le hatha, le vinyasa et l\u2019ashtanga. Ses outils&nbsp;favoris sont la respiration en pleine conscience, la recherche du moment pr\u00e9sent, le travail des corps physique, \u00e9motionnel et mental, la pens\u00e9e positive, la sinc\u00e9rit\u00e9 envers soi-m\u00eame, la non violence, le bonheur.<\/p>\n<p>Gr\u00e2ce \u00e0 son respect de la vie et des textes philosophiques yoguiques,&nbsp; Eug\u00e9nie vous propose des cours de yoga dans le respect des capacit\u00e9s de chacun.<\/p>\n<p><strong>Formation de professeur Sivananda,<\/strong> 2004, New York, (200 heures), certifi\u00e9 par Yoga alliance.<br><strong>Formation en psychologie du yoga<\/strong> (63 heures), 2011<br><strong>Formation en anatomie pour le yoga,<\/strong> Blandine Calais Germain, anatom\u2019yoga (276 heures) en juillet 2018.<br><strong>Vipasana, Who\u2019s in, cycle de la lune, retraites en silence, je\u00fbne\u2026<\/strong><\/p>\n<\/div>\n<\/div>\n\n\n\n<div class=\"wp-block-buttons is-content-justification-center is-layout-flex wp-block-buttons-is-layout-flex\">\n<div class=\"wp-block-button is-style-outline is-style-outline--8fd7de0b45561d7b7fb2662738c0782f\"><a class=\"wp-block-button__link has-text-color no-border-radius\" href=\"https:\/\/yogaandco.fr\/site\/?page_id=294\" style=\"color:#2a504d\">Voir les autres professeurs<\/a><\/div>\n<\/div>\n\n\n","protected":false},"excerpt":{"rendered":"<p>EUG\u00c9NIE Hatha yoga matinal Depuis 2000, Eug\u00e9nie est une \u00ab accro \u00bb du yoga : sa boite \u00e0 outil de vie ! Ses multiples s\u00e9jours en immersion dans des ashrams (lieu de vie retir\u00e9 qui incite \u00e0 la recherche de son moi profond) au Guatemala, au Costa Rica, aux Etats Unis, en Inde et en &hellip;<\/p>\n<p class=\"read-more\"> <a class=\"\" href=\"https:\/\/yogaandco.fr\/site\/2021\/03\/13\/eugenie-autissier-2\/\"> <span class=\"screen-reader-text\">Eug\u00e9nie<\/span> Lire la suite\u00a0\u00bb<\/a><\/p>\n","protected":false},"author":1,"featured_media":10878,"comment_status":"closed","ping_status":"closed","sticky":false,"template":"","format":"standard","meta":{"_monsterinsights_skip_tracking":false,"_monsterinsights_sitenote_active":false,"_monsterinsights_sitenote_note":"","_monsterinsights_sitenote_category":0,"footnotes":""},"categories":[10],"tags":[],"class_list":["post-190","post","type-post","status-publish","format-standard","has-post-thumbnail","hentry","category-professeur"],"yoast_head":"<!-- This site is optimized with the Yoast SEO plugin v16.8 - https:\/\/yoast.com\/wordpress\/plugins\/seo\/ -->\n<title>Eug\u00e9nie - Yoga &amp; co<\/title>\n<meta name=\"robots\" content=\"index, follow, max-snippet:-1, max-image-preview:large, max-video-preview:-1\" \/>\n<link rel=\"canonical\" href=\"https:\/\/yogaandco.fr\/site\/2021\/03\/13\/eugenie-autissier-2\/\" \/>\n<meta property=\"og:locale\" content=\"fr_FR\" \/>\n<meta property=\"og:type\" content=\"article\" \/>\n<meta property=\"og:title\" content=\"Eug\u00e9nie - Yoga &amp; co\" \/>\n<meta property=\"og:description\" content=\"EUG\u00c9NIE Hatha yoga matinal Depuis 2000, Eug\u00e9nie est une \u00ab accro \u00bb du yoga : sa boite \u00e0 outil de vie ! Ses multiples s\u00e9jours en immersion dans des ashrams (lieu de vie retir\u00e9 qui incite \u00e0 la recherche de son moi profond) au Guatemala, au Costa Rica, aux Etats Unis, en Inde et en &hellip; Eug\u00e9nie Lire la suite\u00a0\u00bb\" \/>\n<meta property=\"og:url\" content=\"https:\/\/yogaandco.fr\/site\/2021\/03\/13\/eugenie-autissier-2\/\" \/>\n<meta property=\"og:site_name\" content=\"Yoga &amp; co\" \/>\n<meta property=\"article:published_time\" content=\"2021-03-13T13:28:00+00:00\" \/>\n<meta property=\"article:modified_time\" content=\"2025-07-03T15:33:41+00:00\" \/>\n<meta property=\"og:image\" content=\"https:\/\/yogaandco.fr\/site\/wp-content\/uploads\/2022\/01\/EUGENIE-2022.jpg\" \/>\n\t<meta property=\"og:image:width\" content=\"700\" \/>\n\t<meta property=\"og:image:height\" content=\"974\" \/>\n<meta name=\"twitter:label1\" content=\"\u00c9crit par\" \/>\n\t<meta name=\"twitter:data1\" content=\"prz\" \/>\n\t<meta name=\"twitter:label2\" content=\"Dur\u00e9e de lecture est.\" \/>\n\t<meta name=\"twitter:data2\" content=\"1 minute\" \/>\n<script type=\"application\/ld+json\" class=\"yoast-schema-graph\">{\"@context\":\"https:\/\/schema.org\",\"@graph\":[{\"@type\":\"WebSite\",\"@id\":\"https:\/\/yogaandco.fr\/site\/#website\",\"url\":\"https:\/\/yogaandco.fr\/site\/\",\"name\":\"Yoga &amp; co\",\"description\":\"Yoga pour tous\",\"potentialAction\":[{\"@type\":\"SearchAction\",\"target\":{\"@type\":\"EntryPoint\",\"urlTemplate\":\"https:\/\/yogaandco.fr\/site\/?s={search_term_string}\"},\"query-input\":\"required name=search_term_string\"}],\"inLanguage\":\"fr-FR\"},{\"@type\":\"ImageObject\",\"@id\":\"https:\/\/yogaandco.fr\/site\/2021\/03\/13\/eugenie-autissier-2\/#primaryimage\",\"inLanguage\":\"fr-FR\",\"url\":\"https:\/\/yogaandco.fr\/site\/wp-content\/uploads\/2022\/01\/EUGENIE-2022.jpg\",\"contentUrl\":\"https:\/\/yogaandco.fr\/site\/wp-content\/uploads\/2022\/01\/EUGENIE-2022.jpg\",\"width\":700,\"height\":974,\"caption\":\"Eug\\u00e9nie propose des s\\u00e9ances de yoga matinal en ligne\"},{\"@type\":\"WebPage\",\"@id\":\"https:\/\/yogaandco.fr\/site\/2021\/03\/13\/eugenie-autissier-2\/#webpage\",\"url\":\"https:\/\/yogaandco.fr\/site\/2021\/03\/13\/eugenie-autissier-2\/\",\"name\":\"Eug\\u00e9nie - Yoga &amp; co\",\"isPartOf\":{\"@id\":\"https:\/\/yogaandco.fr\/site\/#website\"},\"primaryImageOfPage\":{\"@id\":\"https:\/\/yogaandco.fr\/site\/2021\/03\/13\/eugenie-autissier-2\/#primaryimage\"},\"datePublished\":\"2021-03-13T13:28:00+00:00\",\"dateModified\":\"2025-07-03T15:33:41+00:00\",\"author\":{\"@id\":\"https:\/\/yogaandco.fr\/site\/#\/schema\/person\/93d67d8490afb6a2be75c0feab8cf548\"},\"breadcrumb\":{\"@id\":\"https:\/\/yogaandco.fr\/site\/2021\/03\/13\/eugenie-autissier-2\/#breadcrumb\"},\"inLanguage\":\"fr-FR\",\"potentialAction\":[{\"@type\":\"ReadAction\",\"target\":[\"https:\/\/yogaandco.fr\/site\/2021\/03\/13\/eugenie-autissier-2\/\"]}]},{\"@type\":\"BreadcrumbList\",\"@id\":\"https:\/\/yogaandco.fr\/site\/2021\/03\/13\/eugenie-autissier-2\/#breadcrumb\",\"itemListElement\":[{\"@type\":\"ListItem\",\"position\":1,\"name\":\"Accueil\",\"item\":\"https:\/\/yogaandco.fr\/site\/\"},{\"@type\":\"ListItem\",\"position\":2,\"name\":\"Eug\\u00e9nie\"}]},{\"@type\":\"Person\",\"@id\":\"https:\/\/yogaandco.fr\/site\/#\/schema\/person\/93d67d8490afb6a2be75c0feab8cf548\",\"name\":\"prz\",\"image\":{\"@type\":\"ImageObject\",\"@id\":\"https:\/\/yogaandco.fr\/site\/#personlogo\",\"inLanguage\":\"fr-FR\",\"url\":\"https:\/\/secure.gravatar.com\/avatar\/40027cb7322f83783bcf089c1a92ba13?s=96&d=mm&r=g\",\"contentUrl\":\"https:\/\/secure.gravatar.com\/avatar\/40027cb7322f83783bcf089c1a92ba13?s=96&d=mm&r=g\",\"caption\":\"prz\"},\"sameAs\":[\"http:\/\/briconum.fr\"],\"url\":\"https:\/\/yogaandco.fr\/site\/author\/prz\/\"}]}<\/script>\n<!-- \/ Yoast SEO plugin. -->","yoast_head_json":{"title":"Eug\u00e9nie - Yoga &amp; co","robots":{"index":"index","follow":"follow","max-snippet":"max-snippet:-1","max-image-preview":"max-image-preview:large","max-video-preview":"max-video-preview:-1"},"canonical":"https:\/\/yogaandco.fr\/site\/2021\/03\/13\/eugenie-autissier-2\/","og_locale":"fr_FR","og_type":"article","og_title":"Eug\u00e9nie - Yoga &amp; co","og_description":"EUG\u00c9NIE Hatha yoga matinal Depuis 2000, Eug\u00e9nie est une \u00ab accro \u00bb du yoga : sa boite \u00e0 outil de vie ! Ses multiples s\u00e9jours en immersion dans des ashrams (lieu de vie retir\u00e9 qui incite \u00e0 la recherche de son moi profond) au Guatemala, au Costa Rica, aux Etats Unis, en Inde et en &hellip; Eug\u00e9nie Lire la suite\u00a0\u00bb","og_url":"https:\/\/yogaandco.fr\/site\/2021\/03\/13\/eugenie-autissier-2\/","og_site_name":"Yoga &amp; co","article_published_time":"2021-03-13T13:28:00+00:00","article_modified_time":"2025-07-03T15:33:41+00:00","og_image":[{"width":700,"height":974,"filesize":140668,"url":"https:\/\/yogaandco.fr\/site\/wp-content\/uploads\/2022\/01\/EUGENIE-2022.jpg","path":"\/homepages\/20\/d419710255\/htdocs\/site\/wp-content\/uploads\/2022\/01\/EUGENIE-2022.jpg","size":"full","id":10878,"alt":"Eug\u00e9nie, professeure de yoga vinyasa et de hatha yoga","pixels":681800,"type":"image\/jpeg"}],"twitter_misc":{"\u00c9crit par":"prz","Dur\u00e9e de lecture est.":"1 minute"},"schema":{"@context":"https:\/\/schema.org","@graph":[{"@type":"WebSite","@id":"https:\/\/yogaandco.fr\/site\/#website","url":"https:\/\/yogaandco.fr\/site\/","name":"Yoga &amp; co","description":"Yoga pour tous","potentialAction":[{"@type":"SearchAction","target":{"@type":"EntryPoint","urlTemplate":"https:\/\/yogaandco.fr\/site\/?s={search_term_string}"},"query-input":"required name=search_term_string"}],"inLanguage":"fr-FR"},{"@type":"ImageObject","@id":"https:\/\/yogaandco.fr\/site\/2021\/03\/13\/eugenie-autissier-2\/#primaryimage","inLanguage":"fr-FR","url":"https:\/\/yogaandco.fr\/site\/wp-content\/uploads\/2022\/01\/EUGENIE-2022.jpg","contentUrl":"https:\/\/yogaandco.fr\/site\/wp-content\/uploads\/2022\/01\/EUGENIE-2022.jpg","width":700,"height":974,"caption":"Eug\u00e9nie propose des s\u00e9ances de yoga matinal en ligne"},{"@type":"WebPage","@id":"https:\/\/yogaandco.fr\/site\/2021\/03\/13\/eugenie-autissier-2\/#webpage","url":"https:\/\/yogaandco.fr\/site\/2021\/03\/13\/eugenie-autissier-2\/","name":"Eug\u00e9nie - Yoga &amp; co","isPartOf":{"@id":"https:\/\/yogaandco.fr\/site\/#website"},"primaryImageOfPage":{"@id":"https:\/\/yogaandco.fr\/site\/2021\/03\/13\/eugenie-autissier-2\/#primaryimage"},"datePublished":"2021-03-13T13:28:00+00:00","dateModified":"2025-07-03T15:33:41+00:00","author":{"@id":"https:\/\/yogaandco.fr\/site\/#\/schema\/person\/93d67d8490afb6a2be75c0feab8cf548"},"breadcrumb":{"@id":"https:\/\/yogaandco.fr\/site\/2021\/03\/13\/eugenie-autissier-2\/#breadcrumb"},"inLanguage":"fr-FR","potentialAction":[{"@type":"ReadAction","target":["https:\/\/yogaandco.fr\/site\/2021\/03\/13\/eugenie-autissier-2\/"]}]},{"@type":"BreadcrumbList","@id":"https:\/\/yogaandco.fr\/site\/2021\/03\/13\/eugenie-autissier-2\/#breadcrumb","itemListElement":[{"@type":"ListItem","position":1,"name":"Accueil","item":"https:\/\/yogaandco.fr\/site\/"},{"@type":"ListItem","position":2,"name":"Eug\u00e9nie"}]},{"@type":"Person","@id":"https:\/\/yogaandco.fr\/site\/#\/schema\/person\/93d67d8490afb6a2be75c0feab8cf548","name":"prz","image":{"@type":"ImageObject","@id":"https:\/\/yogaandco.fr\/site\/#personlogo","inLanguage":"fr-FR","url":"https:\/\/secure.gravatar.com\/avatar\/40027cb7322f83783bcf089c1a92ba13?s=96&d=mm&r=g","contentUrl":"https:\/\/secure.gravatar.com\/avatar\/40027cb7322f83783bcf089c1a92ba13?s=96&d=mm&r=g","caption":"prz"},"sameAs":["http:\/\/briconum.fr"],"url":"https:\/\/yogaandco.fr\/site\/author\/prz\/"}]}},"_links":{"self":[{"href":"https:\/\/yogaandco.fr\/site\/wp-json\/wp\/v2\/posts\/190"}],"collection":[{"href":"https:\/\/yogaandco.fr\/site\/wp-json\/wp\/v2\/posts"}],"about":[{"href":"https:\/\/yogaandco.fr\/site\/wp-json\/wp\/v2\/types\/post"}],"author":[{"embeddable":true,"href":"https:\/\/yogaandco.fr\/site\/wp-json\/wp\/v2\/users\/1"}],"replies":[{"embeddable":true,"href":"https:\/\/yogaandco.fr\/site\/wp-json\/wp\/v2\/comments?post=190"}],"version-history":[{"count":33,"href":"https:\/\/yogaandco.fr\/site\/wp-json\/wp\/v2\/posts\/190\/revisions"}],"predecessor-version":[{"id":13169,"href":"https:\/\/yogaandco.fr\/site\/wp-json\/wp\/v2\/posts\/190\/revisions\/13169"}],"wp:featuredmedia":[{"embeddable":true,"href":"https:\/\/yogaandco.fr\/site\/wp-json\/wp\/v2\/media\/10878"}],"wp:attachment":[{"href":"https:\/\/yogaandco.fr\/site\/wp-json\/wp\/v2\/media?parent=190"}],"wp:term":[{"taxonomy":"category","embeddable":true,"href":"https:\/\/yogaandco.fr\/site\/wp-json\/wp\/v2\/categories?post=190"},{"taxonomy":"post_tag","embeddable":true,"href":"https:\/\/yogaandco.fr\/site\/wp-json\/wp\/v2\/tags?post=190"}],"curies":[{"name":"wp","href":"https:\/\/api.w.org\/{rel}","templated":true}]}}