{"id":4483,"date":"2014-11-21T11:50:02","date_gmt":"2014-11-21T10:50:02","guid":{"rendered":"http:\/\/yogaandco.fr\/site\/?p=4483"},"modified":"2019-08-05T16:27:04","modified_gmt":"2019-08-05T15:27:04","slug":"m2p-champ-informationnel","status":"publish","type":"post","link":"https:\/\/yogaandco.fr\/site\/2014\/11\/21\/m2p-champ-informationnel\/","title":{"rendered":"M2P CHAMP INFORMATIONNEL"},"content":{"rendered":"<p><a href=\"yogaandco.fr\/site\/2013\/02\/07\/pascale\/\">Pascale<\/a> vous propose\u00a0une m\u00e9thode quantique\u00a0: la M2P CHAMP INFORMATIONNEL<strong>.<\/strong><\/p>\n<p>Dans l\u2019univers tout est lumi\u00e8re et information, l\u2019\u00e9nergie vibre \u00e0 une fr\u00e9quence et est toujours en mouvement. L\u2019intention (d\u00e9sir non attach\u00e9 au r\u00e9sultat) est \u00e0 l\u2019origine de toute cr\u00e9ation, toutes les choses sont reli\u00e9es entre elles, chaque information est donc partout pr\u00e9sente.<\/p>\n<p>Les fr\u00e9quences semblables ont tendance \u00e0 s\u2019attirer. Ainsi nos points de vue, nos pr\u00e9jug\u00e9s, nos jugements, nos convictions et nos croyances cr\u00e9ent notre r\u00e9alit\u00e9 : ils g\u00e9n\u00e8rent une onde stationnaire.\u00a0Le monde ext\u00e9rieur n\u2019est qu\u2019un miroir qui refl\u00e8te notre vibration personnelle.<\/p>\n<p>La \u00ab m\u00e9thode des 2 points \u00bb est une application pratique de la physique quantique d\u2019apr\u00e8s laquelle toute r\u00e9alit\u00e9 peut \u00eatre d\u00e9crite comme \u00e9nergie et vibration car tout est \u00ab lumi\u00e8re et information \u00bb.<\/p>\n<p>La m\u00e9thode consiste \u00e0 transformer l\u2019onde stationnaire initiale en une nouvelle onde stationnaire dans laquelle on aura apport\u00e9 une nouvelle information, c&rsquo;est-\u00e0-dire une<\/p>\n<p>Les th\u00e9rapies verbales ont connu leur heure de gloire au d\u00e9but du XXe si\u00e8cle. Elles apportent ind\u00e9niablement une meilleure compr\u00e9hension d&rsquo;ordre mental par rapport aux difficult\u00e9s auxquelles nous sommes confront\u00e9s. Cependant, sur le terrain de la vie, les situations d\u00e9licates semblent se r\u00e9p\u00e9ter inlassablement sans trouver v\u00e9ritablement une solution d\u00e9finitive.<\/p>\n<p>Pourtant, en ces temps actuels d&rsquo;acc\u00e9l\u00e9ration de l&rsquo;\u00e9volution de notre monde terrestre, il nous est donn\u00e9 la possibilit\u00e9 d&rsquo;utiliser le support de <strong>l&rsquo;information <\/strong>comme le montrent les \u00e9tudes r\u00e9centes r\u00e9alis\u00e9es sur <em>la m\u00e9moire de l&rsquo;eau<\/em>.<\/p>\n<p>Ainsi, l&rsquo;information se situe en amont de l&rsquo;\u00e9nergie et donc du monde physique de la mati\u00e8re. Par l&rsquo;intention consciente et par l&rsquo;utilisation d\u00e9lib\u00e9r\u00e9e de la puissance de notre <em>Champ du coeur<\/em>, bien sup\u00e9rieure \u00e0 celle du cerveau, nous pouvons <strong>actualiser une nouvelle information in\u00e9dite au sein de l&rsquo;espace-temps. <\/strong>Cet espace spatio-temporel repr\u00e9sente <strong><em>un tissu vibratoire et d\u00e9formable model\u00e9 par la conscience<\/em><\/strong>, comme l&rsquo;avait d\u00e9j\u00e0 envisag\u00e9 Einstein dans le cadre de sa th\u00e9orie sur la courbure de l&rsquo;espace-temps.<\/p>\n<p><strong>L&rsquo;apport d&rsquo;informations nouvelles change nos lignes temporelles et donc transforme les voies causales (loi de cause \u00e0 effet)<\/strong>. La M2P Champ informationnel\u00a9 en fait la d\u00e9monstration sur le terrain\u2026<\/p>\n<p><strong>LA M2P Champ Informationnel<\/strong><strong>\u00a9 <\/strong><\/p>\n<p>La M2 Champ Informationnel\u00a9 est l&rsquo;outil pratique, le mode op\u00e9ratoire qui ob\u00e9it tout autant aux r\u00e9alit\u00e9s observ\u00e9es par les physiciens quantiques que celle des grands ma\u00eetres adeptes de la m\u00e9ditation.<\/p>\n<p>Son champ d&rsquo;action permet d&rsquo;obtenir des r\u00e9sultats probants, tout autant sur les inconforts physiques que sur les d\u00e9sagr\u00e9ments \u00e9motionnels, la clart\u00e9 mentale et la prise de recul.<\/p>\n<p>La M2 Champ Informationnel\u00a9 est aussi un vecteur personnel pour l&rsquo;ouverture de conscience individuelle.<\/p>\n<p>Nous sommes chacun une histoire, avec des donn\u00e9es individuelles inn\u00e9es, h\u00e9rit\u00e9es et acquises sur cette dimension, mais aussi en lien avec notre personnalit\u00e9 multidimensionnelle, la m\u00e9moire emmagasin\u00e9e au plus profond de nous-m\u00eames.<\/p>\n<p>La M2 P CI offre la possibilit\u00e9 de proc\u00e9der \u00e0 \u00ab une remise \u00e0 z\u00e9ro aux param\u00e8tres d&rsquo;usine \u00bb (Reset) au niveau de l&rsquo;information erron\u00e9e afin qu&rsquo;elle c\u00e8de progressivement et d\u00e9finitivement la place \u00e0 l&rsquo;information lumineuse actualis\u00e9e.<\/p>\n<p>Nous allons Co-cr\u00e9er cette r\u00e9alit\u00e9 ensemble, <strong>non pas pour changer, mais en vue de faire des retrouvailles avec nous-m\u00eames<\/strong>, un rassemblement de toutes les parties de nous-m\u00eames en un seul Tout. Notre conscience en perp\u00e9tuelle \u00e9volution perp\u00e9tuera ce processus au fil des s\u00e9ances et bien plus tard encore.<\/p>\n<p>La pratique de la M2P CI illustre parfaitement les propos de Philippe Guillemant chercheur au CNRS : <em>\u00ab l&rsquo;univers est un immense cerveau qui travaille sur tout l&rsquo;espace temps et dont nous sommes les neurones \u00bb. <\/em><\/p>\n<ul>\n<li><strong>S\u00e9ance individuelle <\/strong>: il est n\u00e9cessaire d&rsquo;envisager une s\u00e9rie initiale minimale de quatre s\u00e9ances cons\u00e9cutives espac\u00e9es de 15 jours. L&rsquo;exp\u00e9rience montre que la m\u00e9thode n\u00e9cessite en moyenne quatre \u00e0 huit s\u00e9ances. Par la suite, des s\u00e9ances d&rsquo;entretien (trois ou quatre par an sont fortement conseill\u00e9es).<\/li>\n<\/ul>\n<p>La M2P se pratique assis et habill\u00e9. Elle est accessible \u00e0 tous, sans limitation d&rsquo;\u00e2ge.<\/p>\n<p>Cette m\u00e9thode ne remplace pas la m\u00e9decine traditionnelle ni aucun traitement prescrit par votre m\u00e9decin.<\/p>\n<p><strong>Tarif\u00a0adultes<\/strong>: s\u00e9ance de 1h30-2H d&rsquo;ost\u00e9o fluidique, M2P CI, soin egypto-essenien : 90 \u20ac<\/p>\n<p><strong>Tarif enfants<\/strong>\u00a0jusqu&rsquo;\u00e0 10 ans : s\u00e9ance de 1H d&rsquo;ost\u00e9o fluidique, M2P CI, soin egypto-essenien : 70 \u20ac<\/p>\n<p>Pascale est pr\u00e9sente chez Yoga &amp; Co les 1ers et 3\u00e8mes jeudis de chaque mois. Merci de nous contacter pour prendre un rendez-vous.<\/p>\n","protected":false},"excerpt":{"rendered":"<p>Pascale vous propose\u00a0une m\u00e9thode quantique\u00a0: la M2P CHAMP INFORMATIONNEL. Dans l\u2019univers tout est lumi\u00e8re et information, l\u2019\u00e9nergie vibre \u00e0 une fr\u00e9quence et est toujours en mouvement. L\u2019intention (d\u00e9sir non attach\u00e9 au r\u00e9sultat) est \u00e0 l\u2019origine de toute cr\u00e9ation, toutes les choses sont reli\u00e9es entre elles, chaque information est donc partout pr\u00e9sente. Les fr\u00e9quences semblables ont &hellip;<\/p>\n<p class=\"read-more\"> <a class=\"\" href=\"https:\/\/yogaandco.fr\/site\/2014\/11\/21\/m2p-champ-informationnel\/\"> <span class=\"screen-reader-text\">M2P CHAMP INFORMATIONNEL<\/span> Lire la suite\u00a0\u00bb<\/a><\/p>\n","protected":false},"author":2,"featured_media":0,"comment_status":"closed","ping_status":"closed","sticky":false,"template":"","format":"standard","meta":{"_monsterinsights_skip_tracking":false,"_monsterinsights_sitenote_active":false,"_monsterinsights_sitenote_note":"","_monsterinsights_sitenote_category":0,"footnotes":""},"categories":[12],"tags":[],"class_list":["post-4483","post","type-post","status-publish","format-standard","hentry","category-activite"],"yoast_head":"<!-- This site is optimized with the Yoast SEO plugin v16.8 - https:\/\/yoast.com\/wordpress\/plugins\/seo\/ -->\n<title>M2P CHAMP INFORMATIONNEL - Yoga &amp; co<\/title>\n<meta name=\"robots\" content=\"index, follow, max-snippet:-1, max-image-preview:large, max-video-preview:-1\" \/>\n<link rel=\"canonical\" href=\"https:\/\/yogaandco.fr\/site\/2014\/11\/21\/m2p-champ-informationnel\/\" \/>\n<meta property=\"og:locale\" content=\"fr_FR\" \/>\n<meta property=\"og:type\" content=\"article\" \/>\n<meta property=\"og:title\" content=\"M2P CHAMP INFORMATIONNEL - Yoga &amp; co\" \/>\n<meta property=\"og:description\" content=\"Pascale vous propose\u00a0une m\u00e9thode quantique\u00a0: la M2P CHAMP INFORMATIONNEL. Dans l\u2019univers tout est lumi\u00e8re et information, l\u2019\u00e9nergie vibre \u00e0 une fr\u00e9quence et est toujours en mouvement. L\u2019intention (d\u00e9sir non attach\u00e9 au r\u00e9sultat) est \u00e0 l\u2019origine de toute cr\u00e9ation, toutes les choses sont reli\u00e9es entre elles, chaque information est donc partout pr\u00e9sente. Les fr\u00e9quences semblables ont &hellip; M2P CHAMP INFORMATIONNEL Lire la suite\u00a0\u00bb\" \/>\n<meta property=\"og:url\" content=\"https:\/\/yogaandco.fr\/site\/2014\/11\/21\/m2p-champ-informationnel\/\" \/>\n<meta property=\"og:site_name\" content=\"Yoga &amp; co\" \/>\n<meta property=\"article:published_time\" content=\"2014-11-21T10:50:02+00:00\" \/>\n<meta property=\"article:modified_time\" content=\"2019-08-05T15:27:04+00:00\" \/>\n<meta name=\"twitter:label1\" content=\"\u00c9crit par\" \/>\n\t<meta name=\"twitter:data1\" content=\"Nadege\" \/>\n\t<meta name=\"twitter:label2\" content=\"Dur\u00e9e de lecture est.\" \/>\n\t<meta name=\"twitter:data2\" content=\"4 minutes\" \/>\n<script type=\"application\/ld+json\" class=\"yoast-schema-graph\">{\"@context\":\"https:\/\/schema.org\",\"@graph\":[{\"@type\":\"WebSite\",\"@id\":\"https:\/\/yogaandco.fr\/site\/#website\",\"url\":\"https:\/\/yogaandco.fr\/site\/\",\"name\":\"Yoga &amp; co\",\"description\":\"Yoga pour tous\",\"potentialAction\":[{\"@type\":\"SearchAction\",\"target\":{\"@type\":\"EntryPoint\",\"urlTemplate\":\"https:\/\/yogaandco.fr\/site\/?s={search_term_string}\"},\"query-input\":\"required name=search_term_string\"}],\"inLanguage\":\"fr-FR\"},{\"@type\":\"WebPage\",\"@id\":\"https:\/\/yogaandco.fr\/site\/2014\/11\/21\/m2p-champ-informationnel\/#webpage\",\"url\":\"https:\/\/yogaandco.fr\/site\/2014\/11\/21\/m2p-champ-informationnel\/\",\"name\":\"M2P CHAMP INFORMATIONNEL - Yoga &amp; co\",\"isPartOf\":{\"@id\":\"https:\/\/yogaandco.fr\/site\/#website\"},\"datePublished\":\"2014-11-21T10:50:02+00:00\",\"dateModified\":\"2019-08-05T15:27:04+00:00\",\"author\":{\"@id\":\"https:\/\/yogaandco.fr\/site\/#\/schema\/person\/5fd8e3d6f5bf476db6483db2b29f9f9b\"},\"breadcrumb\":{\"@id\":\"https:\/\/yogaandco.fr\/site\/2014\/11\/21\/m2p-champ-informationnel\/#breadcrumb\"},\"inLanguage\":\"fr-FR\",\"potentialAction\":[{\"@type\":\"ReadAction\",\"target\":[\"https:\/\/yogaandco.fr\/site\/2014\/11\/21\/m2p-champ-informationnel\/\"]}]},{\"@type\":\"BreadcrumbList\",\"@id\":\"https:\/\/yogaandco.fr\/site\/2014\/11\/21\/m2p-champ-informationnel\/#breadcrumb\",\"itemListElement\":[{\"@type\":\"ListItem\",\"position\":1,\"name\":\"Accueil\",\"item\":\"https:\/\/yogaandco.fr\/site\/\"},{\"@type\":\"ListItem\",\"position\":2,\"name\":\"M2P CHAMP INFORMATIONNEL\"}]},{\"@type\":\"Person\",\"@id\":\"https:\/\/yogaandco.fr\/site\/#\/schema\/person\/5fd8e3d6f5bf476db6483db2b29f9f9b\",\"name\":\"Nadege\",\"image\":{\"@type\":\"ImageObject\",\"@id\":\"https:\/\/yogaandco.fr\/site\/#personlogo\",\"inLanguage\":\"fr-FR\",\"url\":\"https:\/\/secure.gravatar.com\/avatar\/1cb5d4fd74c73a8a09ac2842d663788e?s=96&d=mm&r=g\",\"contentUrl\":\"https:\/\/secure.gravatar.com\/avatar\/1cb5d4fd74c73a8a09ac2842d663788e?s=96&d=mm&r=g\",\"caption\":\"Nadege\"},\"sameAs\":[\"http:\/\/paris-yoga.blogspot.fr\/\"],\"url\":\"https:\/\/yogaandco.fr\/site\/author\/nadege\/\"}]}<\/script>\n<!-- \/ Yoast SEO plugin. -->","yoast_head_json":{"title":"M2P CHAMP INFORMATIONNEL - Yoga &amp; co","robots":{"index":"index","follow":"follow","max-snippet":"max-snippet:-1","max-image-preview":"max-image-preview:large","max-video-preview":"max-video-preview:-1"},"canonical":"https:\/\/yogaandco.fr\/site\/2014\/11\/21\/m2p-champ-informationnel\/","og_locale":"fr_FR","og_type":"article","og_title":"M2P CHAMP INFORMATIONNEL - Yoga &amp; co","og_description":"Pascale vous propose\u00a0une m\u00e9thode quantique\u00a0: la M2P CHAMP INFORMATIONNEL. Dans l\u2019univers tout est lumi\u00e8re et information, l\u2019\u00e9nergie vibre \u00e0 une fr\u00e9quence et est toujours en mouvement. L\u2019intention (d\u00e9sir non attach\u00e9 au r\u00e9sultat) est \u00e0 l\u2019origine de toute cr\u00e9ation, toutes les choses sont reli\u00e9es entre elles, chaque information est donc partout pr\u00e9sente. Les fr\u00e9quences semblables ont &hellip; M2P CHAMP INFORMATIONNEL Lire la suite\u00a0\u00bb","og_url":"https:\/\/yogaandco.fr\/site\/2014\/11\/21\/m2p-champ-informationnel\/","og_site_name":"Yoga &amp; co","article_published_time":"2014-11-21T10:50:02+00:00","article_modified_time":"2019-08-05T15:27:04+00:00","twitter_misc":{"\u00c9crit par":"Nadege","Dur\u00e9e de lecture est.":"4 minutes"},"schema":{"@context":"https:\/\/schema.org","@graph":[{"@type":"WebSite","@id":"https:\/\/yogaandco.fr\/site\/#website","url":"https:\/\/yogaandco.fr\/site\/","name":"Yoga &amp; co","description":"Yoga pour tous","potentialAction":[{"@type":"SearchAction","target":{"@type":"EntryPoint","urlTemplate":"https:\/\/yogaandco.fr\/site\/?s={search_term_string}"},"query-input":"required name=search_term_string"}],"inLanguage":"fr-FR"},{"@type":"WebPage","@id":"https:\/\/yogaandco.fr\/site\/2014\/11\/21\/m2p-champ-informationnel\/#webpage","url":"https:\/\/yogaandco.fr\/site\/2014\/11\/21\/m2p-champ-informationnel\/","name":"M2P CHAMP INFORMATIONNEL - Yoga &amp; co","isPartOf":{"@id":"https:\/\/yogaandco.fr\/site\/#website"},"datePublished":"2014-11-21T10:50:02+00:00","dateModified":"2019-08-05T15:27:04+00:00","author":{"@id":"https:\/\/yogaandco.fr\/site\/#\/schema\/person\/5fd8e3d6f5bf476db6483db2b29f9f9b"},"breadcrumb":{"@id":"https:\/\/yogaandco.fr\/site\/2014\/11\/21\/m2p-champ-informationnel\/#breadcrumb"},"inLanguage":"fr-FR","potentialAction":[{"@type":"ReadAction","target":["https:\/\/yogaandco.fr\/site\/2014\/11\/21\/m2p-champ-informationnel\/"]}]},{"@type":"BreadcrumbList","@id":"https:\/\/yogaandco.fr\/site\/2014\/11\/21\/m2p-champ-informationnel\/#breadcrumb","itemListElement":[{"@type":"ListItem","position":1,"name":"Accueil","item":"https:\/\/yogaandco.fr\/site\/"},{"@type":"ListItem","position":2,"name":"M2P CHAMP INFORMATIONNEL"}]},{"@type":"Person","@id":"https:\/\/yogaandco.fr\/site\/#\/schema\/person\/5fd8e3d6f5bf476db6483db2b29f9f9b","name":"Nadege","image":{"@type":"ImageObject","@id":"https:\/\/yogaandco.fr\/site\/#personlogo","inLanguage":"fr-FR","url":"https:\/\/secure.gravatar.com\/avatar\/1cb5d4fd74c73a8a09ac2842d663788e?s=96&d=mm&r=g","contentUrl":"https:\/\/secure.gravatar.com\/avatar\/1cb5d4fd74c73a8a09ac2842d663788e?s=96&d=mm&r=g","caption":"Nadege"},"sameAs":["http:\/\/paris-yoga.blogspot.fr\/"],"url":"https:\/\/yogaandco.fr\/site\/author\/nadege\/"}]}},"_links":{"self":[{"href":"https:\/\/yogaandco.fr\/site\/wp-json\/wp\/v2\/posts\/4483"}],"collection":[{"href":"https:\/\/yogaandco.fr\/site\/wp-json\/wp\/v2\/posts"}],"about":[{"href":"https:\/\/yogaandco.fr\/site\/wp-json\/wp\/v2\/types\/post"}],"author":[{"embeddable":true,"href":"https:\/\/yogaandco.fr\/site\/wp-json\/wp\/v2\/users\/2"}],"replies":[{"embeddable":true,"href":"https:\/\/yogaandco.fr\/site\/wp-json\/wp\/v2\/comments?post=4483"}],"version-history":[{"count":7,"href":"https:\/\/yogaandco.fr\/site\/wp-json\/wp\/v2\/posts\/4483\/revisions"}],"predecessor-version":[{"id":8060,"href":"https:\/\/yogaandco.fr\/site\/wp-json\/wp\/v2\/posts\/4483\/revisions\/8060"}],"wp:attachment":[{"href":"https:\/\/yogaandco.fr\/site\/wp-json\/wp\/v2\/media?parent=4483"}],"wp:term":[{"taxonomy":"category","embeddable":true,"href":"https:\/\/yogaandco.fr\/site\/wp-json\/wp\/v2\/categories?post=4483"},{"taxonomy":"post_tag","embeddable":true,"href":"https:\/\/yogaandco.fr\/site\/wp-json\/wp\/v2\/tags?post=4483"}],"curies":[{"name":"wp","href":"https:\/\/api.w.org\/{rel}","templated":true}]}}