{"id":5736,"date":"2016-08-31T11:24:25","date_gmt":"2016-08-31T10:24:25","guid":{"rendered":"http:\/\/yogaandco.fr\/site\/?p=5736"},"modified":"2024-02-24T18:03:05","modified_gmt":"2024-02-24T17:03:05","slug":"virginie-2","status":"publish","type":"post","link":"https:\/\/yogaandco.fr\/site\/2016\/08\/31\/virginie-2\/","title":{"rendered":"Virginie"},"content":{"rendered":"<p>[vc_row][vc_column][vc_column_text]<\/p>\n<div class=\"wp-block-columns is-layout-flex wp-container-core-columns-is-layout-1 wp-block-columns-is-layout-flex\">\n<div class=\"wp-block-column is-layout-flow wp-block-column-is-layout-flow\">\n<figure class=\"wp-block-image size-large is-style-rounded\"><img decoding=\"async\" width=\"358\" height=\"500\" class=\"wp-image-9936\" src=\"https:\/\/yogaandco.fr\/site\/wp-content\/uploads\/2016\/08\/VIRGINIE-358x500.jpg\" alt=\"\" srcset=\"https:\/\/yogaandco.fr\/site\/wp-content\/uploads\/2016\/08\/VIRGINIE-358x500.jpg 358w, https:\/\/yogaandco.fr\/site\/wp-content\/uploads\/2016\/08\/VIRGINIE-215x300.jpg 215w, https:\/\/yogaandco.fr\/site\/wp-content\/uploads\/2016\/08\/VIRGINIE.jpg 458w\" sizes=\"(max-width: 358px) 100vw, 358px\" \/><\/figure>\n\n<\/div>\n\n\n<div class=\"wp-block-column is-layout-flow wp-block-column-is-layout-flow\">\n<h1>VIRGINIE<\/h1>\n<h4><a href=\"https:\/\/yogaandco.fr\/site\/2016\/08\/31\/methode-feldenkrais\/\">M\u00e9thode Feldenkrais<\/a> , <a href=\"https:\/\/yogaandco.fr\/site\/?p=6400\">\u00a0<\/a><a href=\"https:\/\/yogaandco.fr\/site\/2020\/11\/02\/qi-gong-les-8-tresors\/\">Qi Gong des 8 tr\u00e9sors,<\/a> <a href=\"https:\/\/yogaandco.fr\/site\/2012\/07\/19\/pilates\/\">Pilates<\/a>, <a href=\"https:\/\/yogaandco.fr\/site\/2021\/03\/15\/methode-feldenkr%E2%80%A6es-individuelles\/%20%E2%80%8E\">s\u00e9ances individuelles de m\u00e9thode Feldenkrais.<\/a><\/h4>\n<p>Danseuse professionnelle, Virginie a \u00e9tudi\u00e9 pendant quinze ans la Danse Classique, technique tr\u00e8s rigoureuse s\u2019il en est, puis elle a touch\u00e9 \u00e0 d\u2019autres courants de la danse comme le moderne, le jazz, le contemporain, le music-hall, la danse voltige \u2026<\/p>\n<p>C\u2019est apr\u00e8s un accident et plusieurs mois de r\u00e9\u00e9ducation qu\u2019elle s\u2019est pench\u00e9e\u00a0sur la M\u00e9thode Feldenkrais. Apr\u00e8s avoir rencontr\u00e9 un praticien, il lui est\u00a0apparu comme \u00e9vident que c\u2019\u00e9tait ce vers quoi elle souhaitait\u00a0tendre.<\/p>\n<p>Elle a donc suivi une formation<\/p>\n<p>de quatre ann\u00e9es et est\u00a0maintenant praticienne en M\u00e9thode Feldenkrais, certifi\u00e9e \u00e0 enseigner des Prises de Conscience par le Mouvement ou le\u00e7ons collectives, mais aussi \u00e0 donner des le\u00e7ons individuelles par le toucher et le mouvement appel\u00e9es Int\u00e9grations Fonctionnelles.<\/p>\n\n<\/div>\n\n<\/div>\n\n\n<div class=\"wp-block-buttons is-content-justification-center is-layout-flex wp-block-buttons-is-layout-flex\">\n<div class=\"wp-block-button is-style-outline is-style-outline--8fd7de0b45561d7b7fb2662738c0782f\"><a class=\"wp-block-button__link has-text-color no-border-radius\" href=\"https:\/\/yogaandco.fr\/site\/?page_id=294\" style=\"color:#2a504d\">Voir les autres professeurs<\/a><\/div>\n<\/div>\n\n\n\n<p>&nbsp;<\/p>\n<p>[\/vc_column_text][\/vc_column][\/vc_row]<\/p>\n","protected":false},"excerpt":{"rendered":"<p>[vc_row][vc_column][vc_column_text] VIRGINIE M\u00e9thode Feldenkrais , \u00a0Qi Gong des 8 tr\u00e9sors, Pilates, s\u00e9ances individuelles de m\u00e9thode Feldenkrais. Danseuse professionnelle, Virginie a \u00e9tudi\u00e9 pendant quinze ans la Danse Classique, technique tr\u00e8s rigoureuse s\u2019il en est, puis elle a touch\u00e9 \u00e0 d\u2019autres courants de la danse comme le moderne, le jazz, le contemporain, le music-hall, la danse voltige &hellip;<\/p>\n<p class=\"read-more\"> <a class=\"\" href=\"https:\/\/yogaandco.fr\/site\/2016\/08\/31\/virginie-2\/\"> <span class=\"screen-reader-text\">Virginie<\/span> Lire la suite\u00a0\u00bb<\/a><\/p>\n","protected":false},"author":2,"featured_media":9936,"comment_status":"closed","ping_status":"closed","sticky":false,"template":"","format":"standard","meta":{"_monsterinsights_skip_tracking":false,"_monsterinsights_sitenote_active":false,"_monsterinsights_sitenote_note":"","_monsterinsights_sitenote_category":0,"footnotes":""},"categories":[10],"tags":[],"class_list":["post-5736","post","type-post","status-publish","format-standard","has-post-thumbnail","hentry","category-professeur"],"yoast_head":"<!-- This site is optimized with the Yoast SEO plugin v16.8 - https:\/\/yoast.com\/wordpress\/plugins\/seo\/ -->\n<title>Virginie - Yoga &amp; co<\/title>\n<meta name=\"robots\" content=\"index, follow, max-snippet:-1, max-image-preview:large, max-video-preview:-1\" \/>\n<link rel=\"canonical\" href=\"https:\/\/yogaandco.fr\/site\/2016\/08\/31\/virginie-2\/\" \/>\n<meta property=\"og:locale\" content=\"fr_FR\" \/>\n<meta property=\"og:type\" content=\"article\" \/>\n<meta property=\"og:title\" content=\"Virginie - Yoga &amp; co\" \/>\n<meta property=\"og:description\" content=\"[vc_row][vc_column][vc_column_text] VIRGINIE M\u00e9thode Feldenkrais , \u00a0Qi Gong des 8 tr\u00e9sors, Pilates, s\u00e9ances individuelles de m\u00e9thode Feldenkrais. Danseuse professionnelle, Virginie a \u00e9tudi\u00e9 pendant quinze ans la Danse Classique, technique tr\u00e8s rigoureuse s\u2019il en est, puis elle a touch\u00e9 \u00e0 d\u2019autres courants de la danse comme le moderne, le jazz, le contemporain, le music-hall, la danse voltige &hellip; Virginie Lire la suite\u00a0\u00bb\" \/>\n<meta property=\"og:url\" content=\"https:\/\/yogaandco.fr\/site\/2016\/08\/31\/virginie-2\/\" \/>\n<meta property=\"og:site_name\" content=\"Yoga &amp; co\" \/>\n<meta property=\"article:published_time\" content=\"2016-08-31T10:24:25+00:00\" \/>\n<meta property=\"article:modified_time\" content=\"2024-02-24T17:03:05+00:00\" \/>\n<meta property=\"og:image\" content=\"https:\/\/yogaandco.fr\/site\/wp-content\/uploads\/2016\/08\/VIRGINIE.jpg\" \/>\n\t<meta property=\"og:image:width\" content=\"458\" \/>\n\t<meta property=\"og:image:height\" content=\"640\" \/>\n<meta name=\"twitter:label1\" content=\"\u00c9crit par\" \/>\n\t<meta name=\"twitter:data1\" content=\"Nadege\" \/>\n\t<meta name=\"twitter:label2\" content=\"Dur\u00e9e de lecture est.\" \/>\n\t<meta name=\"twitter:data2\" content=\"1 minute\" \/>\n<script type=\"application\/ld+json\" class=\"yoast-schema-graph\">{\"@context\":\"https:\/\/schema.org\",\"@graph\":[{\"@type\":\"WebSite\",\"@id\":\"https:\/\/yogaandco.fr\/site\/#website\",\"url\":\"https:\/\/yogaandco.fr\/site\/\",\"name\":\"Yoga &amp; co\",\"description\":\"Yoga pour tous\",\"potentialAction\":[{\"@type\":\"SearchAction\",\"target\":{\"@type\":\"EntryPoint\",\"urlTemplate\":\"https:\/\/yogaandco.fr\/site\/?s={search_term_string}\"},\"query-input\":\"required name=search_term_string\"}],\"inLanguage\":\"fr-FR\"},{\"@type\":\"ImageObject\",\"@id\":\"https:\/\/yogaandco.fr\/site\/2016\/08\/31\/virginie-2\/#primaryimage\",\"inLanguage\":\"fr-FR\",\"url\":\"https:\/\/yogaandco.fr\/site\/wp-content\/uploads\/2016\/08\/VIRGINIE.jpg\",\"contentUrl\":\"https:\/\/yogaandco.fr\/site\/wp-content\/uploads\/2016\/08\/VIRGINIE.jpg\",\"width\":458,\"height\":640},{\"@type\":\"WebPage\",\"@id\":\"https:\/\/yogaandco.fr\/site\/2016\/08\/31\/virginie-2\/#webpage\",\"url\":\"https:\/\/yogaandco.fr\/site\/2016\/08\/31\/virginie-2\/\",\"name\":\"Virginie - Yoga &amp; co\",\"isPartOf\":{\"@id\":\"https:\/\/yogaandco.fr\/site\/#website\"},\"primaryImageOfPage\":{\"@id\":\"https:\/\/yogaandco.fr\/site\/2016\/08\/31\/virginie-2\/#primaryimage\"},\"datePublished\":\"2016-08-31T10:24:25+00:00\",\"dateModified\":\"2024-02-24T17:03:05+00:00\",\"author\":{\"@id\":\"https:\/\/yogaandco.fr\/site\/#\/schema\/person\/5fd8e3d6f5bf476db6483db2b29f9f9b\"},\"breadcrumb\":{\"@id\":\"https:\/\/yogaandco.fr\/site\/2016\/08\/31\/virginie-2\/#breadcrumb\"},\"inLanguage\":\"fr-FR\",\"potentialAction\":[{\"@type\":\"ReadAction\",\"target\":[\"https:\/\/yogaandco.fr\/site\/2016\/08\/31\/virginie-2\/\"]}]},{\"@type\":\"BreadcrumbList\",\"@id\":\"https:\/\/yogaandco.fr\/site\/2016\/08\/31\/virginie-2\/#breadcrumb\",\"itemListElement\":[{\"@type\":\"ListItem\",\"position\":1,\"name\":\"Accueil\",\"item\":\"https:\/\/yogaandco.fr\/site\/\"},{\"@type\":\"ListItem\",\"position\":2,\"name\":\"Virginie\"}]},{\"@type\":\"Person\",\"@id\":\"https:\/\/yogaandco.fr\/site\/#\/schema\/person\/5fd8e3d6f5bf476db6483db2b29f9f9b\",\"name\":\"Nadege\",\"image\":{\"@type\":\"ImageObject\",\"@id\":\"https:\/\/yogaandco.fr\/site\/#personlogo\",\"inLanguage\":\"fr-FR\",\"url\":\"https:\/\/secure.gravatar.com\/avatar\/1cb5d4fd74c73a8a09ac2842d663788e?s=96&d=mm&r=g\",\"contentUrl\":\"https:\/\/secure.gravatar.com\/avatar\/1cb5d4fd74c73a8a09ac2842d663788e?s=96&d=mm&r=g\",\"caption\":\"Nadege\"},\"sameAs\":[\"http:\/\/paris-yoga.blogspot.fr\/\"],\"url\":\"https:\/\/yogaandco.fr\/site\/author\/nadege\/\"}]}<\/script>\n<!-- \/ Yoast SEO plugin. -->","yoast_head_json":{"title":"Virginie - Yoga &amp; co","robots":{"index":"index","follow":"follow","max-snippet":"max-snippet:-1","max-image-preview":"max-image-preview:large","max-video-preview":"max-video-preview:-1"},"canonical":"https:\/\/yogaandco.fr\/site\/2016\/08\/31\/virginie-2\/","og_locale":"fr_FR","og_type":"article","og_title":"Virginie - Yoga &amp; co","og_description":"[vc_row][vc_column][vc_column_text] VIRGINIE M\u00e9thode Feldenkrais , \u00a0Qi Gong des 8 tr\u00e9sors, Pilates, s\u00e9ances individuelles de m\u00e9thode Feldenkrais. Danseuse professionnelle, Virginie a \u00e9tudi\u00e9 pendant quinze ans la Danse Classique, technique tr\u00e8s rigoureuse s\u2019il en est, puis elle a touch\u00e9 \u00e0 d\u2019autres courants de la danse comme le moderne, le jazz, le contemporain, le music-hall, la danse voltige &hellip; Virginie Lire la suite\u00a0\u00bb","og_url":"https:\/\/yogaandco.fr\/site\/2016\/08\/31\/virginie-2\/","og_site_name":"Yoga &amp; co","article_published_time":"2016-08-31T10:24:25+00:00","article_modified_time":"2024-02-24T17:03:05+00:00","og_image":[{"width":458,"height":640,"filesize":70002,"url":"https:\/\/yogaandco.fr\/site\/wp-content\/uploads\/2016\/08\/VIRGINIE.jpg","path":"\/homepages\/20\/d419710255\/htdocs\/site\/wp-content\/uploads\/2016\/08\/VIRGINIE.jpg","size":"full","id":9936,"alt":"","pixels":293120,"type":"image\/jpeg"}],"twitter_misc":{"\u00c9crit par":"Nadege","Dur\u00e9e de lecture est.":"1 minute"},"schema":{"@context":"https:\/\/schema.org","@graph":[{"@type":"WebSite","@id":"https:\/\/yogaandco.fr\/site\/#website","url":"https:\/\/yogaandco.fr\/site\/","name":"Yoga &amp; co","description":"Yoga pour tous","potentialAction":[{"@type":"SearchAction","target":{"@type":"EntryPoint","urlTemplate":"https:\/\/yogaandco.fr\/site\/?s={search_term_string}"},"query-input":"required name=search_term_string"}],"inLanguage":"fr-FR"},{"@type":"ImageObject","@id":"https:\/\/yogaandco.fr\/site\/2016\/08\/31\/virginie-2\/#primaryimage","inLanguage":"fr-FR","url":"https:\/\/yogaandco.fr\/site\/wp-content\/uploads\/2016\/08\/VIRGINIE.jpg","contentUrl":"https:\/\/yogaandco.fr\/site\/wp-content\/uploads\/2016\/08\/VIRGINIE.jpg","width":458,"height":640},{"@type":"WebPage","@id":"https:\/\/yogaandco.fr\/site\/2016\/08\/31\/virginie-2\/#webpage","url":"https:\/\/yogaandco.fr\/site\/2016\/08\/31\/virginie-2\/","name":"Virginie - Yoga &amp; co","isPartOf":{"@id":"https:\/\/yogaandco.fr\/site\/#website"},"primaryImageOfPage":{"@id":"https:\/\/yogaandco.fr\/site\/2016\/08\/31\/virginie-2\/#primaryimage"},"datePublished":"2016-08-31T10:24:25+00:00","dateModified":"2024-02-24T17:03:05+00:00","author":{"@id":"https:\/\/yogaandco.fr\/site\/#\/schema\/person\/5fd8e3d6f5bf476db6483db2b29f9f9b"},"breadcrumb":{"@id":"https:\/\/yogaandco.fr\/site\/2016\/08\/31\/virginie-2\/#breadcrumb"},"inLanguage":"fr-FR","potentialAction":[{"@type":"ReadAction","target":["https:\/\/yogaandco.fr\/site\/2016\/08\/31\/virginie-2\/"]}]},{"@type":"BreadcrumbList","@id":"https:\/\/yogaandco.fr\/site\/2016\/08\/31\/virginie-2\/#breadcrumb","itemListElement":[{"@type":"ListItem","position":1,"name":"Accueil","item":"https:\/\/yogaandco.fr\/site\/"},{"@type":"ListItem","position":2,"name":"Virginie"}]},{"@type":"Person","@id":"https:\/\/yogaandco.fr\/site\/#\/schema\/person\/5fd8e3d6f5bf476db6483db2b29f9f9b","name":"Nadege","image":{"@type":"ImageObject","@id":"https:\/\/yogaandco.fr\/site\/#personlogo","inLanguage":"fr-FR","url":"https:\/\/secure.gravatar.com\/avatar\/1cb5d4fd74c73a8a09ac2842d663788e?s=96&d=mm&r=g","contentUrl":"https:\/\/secure.gravatar.com\/avatar\/1cb5d4fd74c73a8a09ac2842d663788e?s=96&d=mm&r=g","caption":"Nadege"},"sameAs":["http:\/\/paris-yoga.blogspot.fr\/"],"url":"https:\/\/yogaandco.fr\/site\/author\/nadege\/"}]}},"_links":{"self":[{"href":"https:\/\/yogaandco.fr\/site\/wp-json\/wp\/v2\/posts\/5736"}],"collection":[{"href":"https:\/\/yogaandco.fr\/site\/wp-json\/wp\/v2\/posts"}],"about":[{"href":"https:\/\/yogaandco.fr\/site\/wp-json\/wp\/v2\/types\/post"}],"author":[{"embeddable":true,"href":"https:\/\/yogaandco.fr\/site\/wp-json\/wp\/v2\/users\/2"}],"replies":[{"embeddable":true,"href":"https:\/\/yogaandco.fr\/site\/wp-json\/wp\/v2\/comments?post=5736"}],"version-history":[{"count":17,"href":"https:\/\/yogaandco.fr\/site\/wp-json\/wp\/v2\/posts\/5736\/revisions"}],"predecessor-version":[{"id":12388,"href":"https:\/\/yogaandco.fr\/site\/wp-json\/wp\/v2\/posts\/5736\/revisions\/12388"}],"wp:featuredmedia":[{"embeddable":true,"href":"https:\/\/yogaandco.fr\/site\/wp-json\/wp\/v2\/media\/9936"}],"wp:attachment":[{"href":"https:\/\/yogaandco.fr\/site\/wp-json\/wp\/v2\/media?parent=5736"}],"wp:term":[{"taxonomy":"category","embeddable":true,"href":"https:\/\/yogaandco.fr\/site\/wp-json\/wp\/v2\/categories?post=5736"},{"taxonomy":"post_tag","embeddable":true,"href":"https:\/\/yogaandco.fr\/site\/wp-json\/wp\/v2\/tags?post=5736"}],"curies":[{"name":"wp","href":"https:\/\/api.w.org\/{rel}","templated":true}]}}