{"id":8073,"date":"2019-08-08T17:50:30","date_gmt":"2019-08-08T16:50:30","guid":{"rendered":"http:\/\/yogaandco.fr\/site\/?p=8073"},"modified":"2025-02-06T15:40:32","modified_gmt":"2025-02-06T14:40:32","slug":"yogatherapie","status":"publish","type":"post","link":"https:\/\/yogaandco.fr\/site\/2019\/08\/08\/yogatherapie\/","title":{"rendered":"Yogath\u00e9rapie"},"content":{"rendered":"<h1>YOGATH\u00c9RAPIE<\/h1>\n<div class=\"wp-block-columns\">\n<div class=\"wp-block-column\">\n<h2><em>La pratique du yoga est reconnue pour son effet pr\u00e9ventif. Pratiquer le yoga aide \u00e0 se maintenir en bonne sant\u00e9 physique et mentale. Mais cette discipline permet \u00e9galement de rentrer dans un processus de gu\u00e9rison de certaines pathologies.<\/em><\/h2>\n<p><a href=\"https:\/\/yogaandco.fr\/site\/?p=279\"><img decoding=\"async\" class=\"alignnone  wp-image-9950\" src=\"https:\/\/yogaandco.fr\/site\/wp-content\/uploads\/2012\/07\/TL_DSC0461-150x150.jpg\" alt=\"\" width=\"107\" height=\"107\" srcset=\"https:\/\/yogaandco.fr\/site\/wp-content\/uploads\/2012\/07\/TL_DSC0461-150x150.jpg 150w, https:\/\/yogaandco.fr\/site\/wp-content\/uploads\/2012\/07\/TL_DSC0461-50x50.jpg 50w, https:\/\/yogaandco.fr\/site\/wp-content\/uploads\/2012\/07\/TL_DSC0461-45x45.jpg 45w\" sizes=\"(max-width: 107px) 100vw, 107px\" \/><\/a><\/p>\n<p><a href=\"https:\/\/yogaandco.fr\/site\/2012\/07\/08\/nadege\/\">Nad\u00e8ge<\/a> vous propose des consultations en yogath\u00e9rapie,<br \/>\n<strong>sur rendez-vous au 01 42 09 20 78.<\/strong><\/p>\n<\/div>\n<div class=\"wp-block-column\">\n<div class=\"wp-block-group\">\n<div class=\"wp-block-group__inner-container\">\n<p><strong>PRINCIPE<\/strong><\/p>\n<p>Sans remplacer un docteur ni la m\u00e9decine traditionnelle, un yogath\u00e9rapeute prend soin de toute la personne et offre un compl\u00e9ment de soin complet et efficace.<\/p>\n<p>Ainsi le yogath\u00e9rapeute agit sur les aspects physique, physiologique et psychologique en offrant \u00e0 son \u00e9l\u00e8ve des propositions de postures et \/ ou de soins personnalis\u00e9s.<\/p>\n<p><strong>D\u00c9ROUL\u00c9 D&rsquo;UNE S\u00c9ANCE<\/strong><\/p>\n<ul>\n<li>Le yogath\u00e9rapeute propose d&rsquo;abord un entretien au cours duquel le patient expose le probl\u00e8me principal qui l&rsquo;am\u00e8ne en consultation mais aussi r\u00e9pondra \u00e0 des questions sur son mode de vie, ses habitudes alimentaires, ses ant\u00e9c\u00e9dents etc&#8230;.<\/li>\n<li>Apr\u00e8s avoir fait un \u00e9tat des lieux et trouv\u00e9\u00a0 les postures de yoga adapt\u00e9es et th\u00e9rapeutiques pour l&rsquo;\u00e9l\u00e8ve, le yogath\u00e9rapeute lui propose ces exercices lors d&rsquo;un second entretien. Il lui montre les postures, comment les prendre, combien de temps y rester et \u00e0 quelle fr\u00e9quence.\u00a0 Il explique ses choix. L&rsquo;\u00e9l\u00e8ve pratique avec k&rsquo;aide du yogath\u00e9rapeute. Encore une fois, celui-ci propose, sans imposer.<\/li>\n<li>L&rsquo;\u00e9l\u00e8ve pratique chez lui si n\u00e9cessaire et suit les conseils du yogath\u00e9rapeute.<\/li>\n<li>Les s\u00e9ances suivantes servent \u00e0 mieux adapter les exercices en tenant compte du retour qu&rsquo;en fait l&rsquo;\u00e9l\u00e8ve et des r\u00e9sultats obtenus.<\/li>\n<li>Les s\u00e9ances s&rsquo;arr\u00eatent d&rsquo;un commun accord lorsque le probl\u00e8me de sant\u00e9 est r\u00e9solu. Parfois, des s\u00e9ances plus espac\u00e9es mais r\u00e9guli\u00e8res s&rsquo;imposent lors de maladies chroniques ou de handicap.<\/li>\n<\/ul>\n<p>L&rsquo;\u00e9l\u00e8ve prend activement part au processus de gu\u00e9rison : il travaille avec le yogath\u00e9rapeute en lui donnant un retour de son ressenti dans les postures et des changements sur son \u00e9tat de sant\u00e9. Il pratique seul, si n\u00e9cessaire, les exercices prescrits.<\/p>\n<p>C&rsquo;est ce travail en commun qui assure le succ\u00e8s de la yogath\u00e9rapie car cela en fait un soin compl\u00e8tement adapt\u00e9 et personnalis\u00e9 menant vers la voie de la gu\u00e9rison.<\/p>\n<p>Le yogath\u00e9rapeute sera amen\u00e9 \u00e0 vous demander de lui pr\u00e9senter un certificat m\u00e9dical autorisant la pratique du yoga et \u00e9ventuellement des \u00e9l\u00e9ments d&rsquo;examens m\u00e9dicaux (radios, analyses de sang etc&#8230;.). Le yogath\u00e9rapeute s&rsquo;engage \u00e0 ne divulguer aucune information relative \u00e0 ses consultations.<\/p>\n<\/div>\n<\/div>\n<\/div>\n<\/div>\n<div class=\"wp-block-buttons\">\n<div class=\"wp-block-button is-style-outline\"><a class=\"wp-block-button__link\" href=\"https:\/\/yogaandco.fr\/site\/?page_id=6\" target=\"_blank\" rel=\"noreferrer noopener\">Retour aux activit\u00e9s<\/a><\/div>\n<\/div>\n","protected":false},"excerpt":{"rendered":"<p>La pratique du yoga est reconnue pour son effet pr\u00e9ventif. Pratiquer le yoga aide \u00e0 se maintenir en bonne sant\u00e9 physique et mentale. Mais cette discipline permet \u00e9galement de rentrer dans un processus de gu\u00e9rison de certaines pathologies. Avec Nad\u00e8ge. <\/p>\n","protected":false},"author":2,"featured_media":12435,"comment_status":"closed","ping_status":"closed","sticky":false,"template":"","format":"standard","meta":{"_monsterinsights_skip_tracking":false,"_monsterinsights_sitenote_active":false,"_monsterinsights_sitenote_note":"","_monsterinsights_sitenote_category":0,"footnotes":""},"categories":[12,88],"tags":[],"class_list":["post-8073","post","type-post","status-publish","format-standard","has-post-thumbnail","hentry","category-activite","category-soins"],"yoast_head":"<!-- This site is optimized with the Yoast SEO plugin v16.8 - https:\/\/yoast.com\/wordpress\/plugins\/seo\/ -->\n<title>Yogath\u00e9rapie - Yoga &amp; co<\/title>\n<meta name=\"robots\" content=\"index, follow, max-snippet:-1, max-image-preview:large, max-video-preview:-1\" \/>\n<link rel=\"canonical\" href=\"https:\/\/yogaandco.fr\/site\/2019\/08\/08\/yogatherapie\/\" \/>\n<meta property=\"og:locale\" content=\"fr_FR\" \/>\n<meta property=\"og:type\" content=\"article\" \/>\n<meta property=\"og:title\" content=\"Yogath\u00e9rapie - Yoga &amp; co\" \/>\n<meta property=\"og:description\" content=\"La pratique du yoga est reconnue pour son effet pr\u00e9ventif. Pratiquer le yoga aide \u00e0 se maintenir en bonne sant\u00e9 physique et mentale. Mais cette discipline permet \u00e9galement de rentrer dans un processus de gu\u00e9rison de certaines pathologies. Avec Nad\u00e8ge.\" \/>\n<meta property=\"og:url\" content=\"https:\/\/yogaandco.fr\/site\/2019\/08\/08\/yogatherapie\/\" \/>\n<meta property=\"og:site_name\" content=\"Yoga &amp; co\" \/>\n<meta property=\"article:published_time\" content=\"2019-08-08T16:50:30+00:00\" \/>\n<meta property=\"article:modified_time\" content=\"2025-02-06T14:40:32+00:00\" \/>\n<meta property=\"og:image\" content=\"https:\/\/yogaandco.fr\/site\/wp-content\/uploads\/2024\/04\/TL_DSC0488.jpg\" \/>\n\t<meta property=\"og:image:width\" content=\"1920\" \/>\n\t<meta property=\"og:image:height\" content=\"1280\" \/>\n<meta name=\"twitter:label1\" content=\"\u00c9crit par\" \/>\n\t<meta name=\"twitter:data1\" content=\"Nadege\" \/>\n\t<meta name=\"twitter:label2\" content=\"Dur\u00e9e de lecture est.\" \/>\n\t<meta name=\"twitter:data2\" content=\"2 minutes\" \/>\n<script type=\"application\/ld+json\" class=\"yoast-schema-graph\">{\"@context\":\"https:\/\/schema.org\",\"@graph\":[{\"@type\":\"WebSite\",\"@id\":\"https:\/\/yogaandco.fr\/site\/#website\",\"url\":\"https:\/\/yogaandco.fr\/site\/\",\"name\":\"Yoga &amp; co\",\"description\":\"Yoga pour tous\",\"potentialAction\":[{\"@type\":\"SearchAction\",\"target\":{\"@type\":\"EntryPoint\",\"urlTemplate\":\"https:\/\/yogaandco.fr\/site\/?s={search_term_string}\"},\"query-input\":\"required name=search_term_string\"}],\"inLanguage\":\"fr-FR\"},{\"@type\":\"ImageObject\",\"@id\":\"https:\/\/yogaandco.fr\/site\/2019\/08\/08\/yogatherapie\/#primaryimage\",\"inLanguage\":\"fr-FR\",\"url\":\"https:\/\/yogaandco.fr\/site\/wp-content\/uploads\/2024\/04\/TL_DSC0488.jpg\",\"contentUrl\":\"https:\/\/yogaandco.fr\/site\/wp-content\/uploads\/2024\/04\/TL_DSC0488.jpg\",\"width\":1920,\"height\":1280},{\"@type\":\"WebPage\",\"@id\":\"https:\/\/yogaandco.fr\/site\/2019\/08\/08\/yogatherapie\/#webpage\",\"url\":\"https:\/\/yogaandco.fr\/site\/2019\/08\/08\/yogatherapie\/\",\"name\":\"Yogath\\u00e9rapie - Yoga &amp; co\",\"isPartOf\":{\"@id\":\"https:\/\/yogaandco.fr\/site\/#website\"},\"primaryImageOfPage\":{\"@id\":\"https:\/\/yogaandco.fr\/site\/2019\/08\/08\/yogatherapie\/#primaryimage\"},\"datePublished\":\"2019-08-08T16:50:30+00:00\",\"dateModified\":\"2025-02-06T14:40:32+00:00\",\"author\":{\"@id\":\"https:\/\/yogaandco.fr\/site\/#\/schema\/person\/5fd8e3d6f5bf476db6483db2b29f9f9b\"},\"breadcrumb\":{\"@id\":\"https:\/\/yogaandco.fr\/site\/2019\/08\/08\/yogatherapie\/#breadcrumb\"},\"inLanguage\":\"fr-FR\",\"potentialAction\":[{\"@type\":\"ReadAction\",\"target\":[\"https:\/\/yogaandco.fr\/site\/2019\/08\/08\/yogatherapie\/\"]}]},{\"@type\":\"BreadcrumbList\",\"@id\":\"https:\/\/yogaandco.fr\/site\/2019\/08\/08\/yogatherapie\/#breadcrumb\",\"itemListElement\":[{\"@type\":\"ListItem\",\"position\":1,\"name\":\"Accueil\",\"item\":\"https:\/\/yogaandco.fr\/site\/\"},{\"@type\":\"ListItem\",\"position\":2,\"name\":\"Yogath\\u00e9rapie\"}]},{\"@type\":\"Person\",\"@id\":\"https:\/\/yogaandco.fr\/site\/#\/schema\/person\/5fd8e3d6f5bf476db6483db2b29f9f9b\",\"name\":\"Nadege\",\"image\":{\"@type\":\"ImageObject\",\"@id\":\"https:\/\/yogaandco.fr\/site\/#personlogo\",\"inLanguage\":\"fr-FR\",\"url\":\"https:\/\/secure.gravatar.com\/avatar\/1cb5d4fd74c73a8a09ac2842d663788e?s=96&d=mm&r=g\",\"contentUrl\":\"https:\/\/secure.gravatar.com\/avatar\/1cb5d4fd74c73a8a09ac2842d663788e?s=96&d=mm&r=g\",\"caption\":\"Nadege\"},\"sameAs\":[\"http:\/\/paris-yoga.blogspot.fr\/\"],\"url\":\"https:\/\/yogaandco.fr\/site\/author\/nadege\/\"}]}<\/script>\n<!-- \/ Yoast SEO plugin. -->","yoast_head_json":{"title":"Yogath\u00e9rapie - Yoga &amp; co","robots":{"index":"index","follow":"follow","max-snippet":"max-snippet:-1","max-image-preview":"max-image-preview:large","max-video-preview":"max-video-preview:-1"},"canonical":"https:\/\/yogaandco.fr\/site\/2019\/08\/08\/yogatherapie\/","og_locale":"fr_FR","og_type":"article","og_title":"Yogath\u00e9rapie - Yoga &amp; co","og_description":"La pratique du yoga est reconnue pour son effet pr\u00e9ventif. Pratiquer le yoga aide \u00e0 se maintenir en bonne sant\u00e9 physique et mentale. Mais cette discipline permet \u00e9galement de rentrer dans un processus de gu\u00e9rison de certaines pathologies. Avec Nad\u00e8ge.","og_url":"https:\/\/yogaandco.fr\/site\/2019\/08\/08\/yogatherapie\/","og_site_name":"Yoga &amp; co","article_published_time":"2019-08-08T16:50:30+00:00","article_modified_time":"2025-02-06T14:40:32+00:00","og_image":[{"width":1920,"height":1280,"filesize":172450,"url":"https:\/\/yogaandco.fr\/site\/wp-content\/uploads\/2024\/04\/TL_DSC0488.jpg","path":"\/homepages\/20\/d419710255\/htdocs\/site\/wp-content\/uploads\/2024\/04\/TL_DSC0488.jpg","size":"full","id":12435,"alt":"","pixels":2457600,"type":"image\/jpeg"}],"twitter_misc":{"\u00c9crit par":"Nadege","Dur\u00e9e de lecture est.":"2 minutes"},"schema":{"@context":"https:\/\/schema.org","@graph":[{"@type":"WebSite","@id":"https:\/\/yogaandco.fr\/site\/#website","url":"https:\/\/yogaandco.fr\/site\/","name":"Yoga &amp; co","description":"Yoga pour tous","potentialAction":[{"@type":"SearchAction","target":{"@type":"EntryPoint","urlTemplate":"https:\/\/yogaandco.fr\/site\/?s={search_term_string}"},"query-input":"required name=search_term_string"}],"inLanguage":"fr-FR"},{"@type":"ImageObject","@id":"https:\/\/yogaandco.fr\/site\/2019\/08\/08\/yogatherapie\/#primaryimage","inLanguage":"fr-FR","url":"https:\/\/yogaandco.fr\/site\/wp-content\/uploads\/2024\/04\/TL_DSC0488.jpg","contentUrl":"https:\/\/yogaandco.fr\/site\/wp-content\/uploads\/2024\/04\/TL_DSC0488.jpg","width":1920,"height":1280},{"@type":"WebPage","@id":"https:\/\/yogaandco.fr\/site\/2019\/08\/08\/yogatherapie\/#webpage","url":"https:\/\/yogaandco.fr\/site\/2019\/08\/08\/yogatherapie\/","name":"Yogath\u00e9rapie - Yoga &amp; co","isPartOf":{"@id":"https:\/\/yogaandco.fr\/site\/#website"},"primaryImageOfPage":{"@id":"https:\/\/yogaandco.fr\/site\/2019\/08\/08\/yogatherapie\/#primaryimage"},"datePublished":"2019-08-08T16:50:30+00:00","dateModified":"2025-02-06T14:40:32+00:00","author":{"@id":"https:\/\/yogaandco.fr\/site\/#\/schema\/person\/5fd8e3d6f5bf476db6483db2b29f9f9b"},"breadcrumb":{"@id":"https:\/\/yogaandco.fr\/site\/2019\/08\/08\/yogatherapie\/#breadcrumb"},"inLanguage":"fr-FR","potentialAction":[{"@type":"ReadAction","target":["https:\/\/yogaandco.fr\/site\/2019\/08\/08\/yogatherapie\/"]}]},{"@type":"BreadcrumbList","@id":"https:\/\/yogaandco.fr\/site\/2019\/08\/08\/yogatherapie\/#breadcrumb","itemListElement":[{"@type":"ListItem","position":1,"name":"Accueil","item":"https:\/\/yogaandco.fr\/site\/"},{"@type":"ListItem","position":2,"name":"Yogath\u00e9rapie"}]},{"@type":"Person","@id":"https:\/\/yogaandco.fr\/site\/#\/schema\/person\/5fd8e3d6f5bf476db6483db2b29f9f9b","name":"Nadege","image":{"@type":"ImageObject","@id":"https:\/\/yogaandco.fr\/site\/#personlogo","inLanguage":"fr-FR","url":"https:\/\/secure.gravatar.com\/avatar\/1cb5d4fd74c73a8a09ac2842d663788e?s=96&d=mm&r=g","contentUrl":"https:\/\/secure.gravatar.com\/avatar\/1cb5d4fd74c73a8a09ac2842d663788e?s=96&d=mm&r=g","caption":"Nadege"},"sameAs":["http:\/\/paris-yoga.blogspot.fr\/"],"url":"https:\/\/yogaandco.fr\/site\/author\/nadege\/"}]}},"_links":{"self":[{"href":"https:\/\/yogaandco.fr\/site\/wp-json\/wp\/v2\/posts\/8073"}],"collection":[{"href":"https:\/\/yogaandco.fr\/site\/wp-json\/wp\/v2\/posts"}],"about":[{"href":"https:\/\/yogaandco.fr\/site\/wp-json\/wp\/v2\/types\/post"}],"author":[{"embeddable":true,"href":"https:\/\/yogaandco.fr\/site\/wp-json\/wp\/v2\/users\/2"}],"replies":[{"embeddable":true,"href":"https:\/\/yogaandco.fr\/site\/wp-json\/wp\/v2\/comments?post=8073"}],"version-history":[{"count":5,"href":"https:\/\/yogaandco.fr\/site\/wp-json\/wp\/v2\/posts\/8073\/revisions"}],"predecessor-version":[{"id":12896,"href":"https:\/\/yogaandco.fr\/site\/wp-json\/wp\/v2\/posts\/8073\/revisions\/12896"}],"wp:featuredmedia":[{"embeddable":true,"href":"https:\/\/yogaandco.fr\/site\/wp-json\/wp\/v2\/media\/12435"}],"wp:attachment":[{"href":"https:\/\/yogaandco.fr\/site\/wp-json\/wp\/v2\/media?parent=8073"}],"wp:term":[{"taxonomy":"category","embeddable":true,"href":"https:\/\/yogaandco.fr\/site\/wp-json\/wp\/v2\/categories?post=8073"},{"taxonomy":"post_tag","embeddable":true,"href":"https:\/\/yogaandco.fr\/site\/wp-json\/wp\/v2\/tags?post=8073"}],"curies":[{"name":"wp","href":"https:\/\/api.w.org\/{rel}","templated":true}]}}