{"id":8414,"date":"2020-01-21T18:07:19","date_gmt":"2020-01-21T17:07:19","guid":{"rendered":"http:\/\/yogaandco.fr\/site\/?p=8414"},"modified":"2025-07-15T16:46:15","modified_gmt":"2025-07-15T15:46:15","slug":"barbara-2","status":"publish","type":"post","link":"https:\/\/yogaandco.fr\/site\/2020\/01\/21\/barbara-2\/","title":{"rendered":"Barbara"},"content":{"rendered":"\r\n<div class=\"wp-block-columns is-layout-flex wp-container-core-columns-is-layout-1 wp-block-columns-is-layout-flex\">\r\n<div class=\"wp-block-column is-layout-flow wp-block-column-is-layout-flow\">\r\n<figure class=\"wp-block-image size-large is-resized is-style-rounded\"><img decoding=\"async\" class=\"wp-image-8415\" src=\"https:\/\/yogaandco.fr\/site\/wp-content\/uploads\/2020\/01\/BARBARA-C.jpg\" alt=\"\" width=\"350\" height=\"334\" srcset=\"https:\/\/yogaandco.fr\/site\/wp-content\/uploads\/2020\/01\/BARBARA-C.jpg 573w, https:\/\/yogaandco.fr\/site\/wp-content\/uploads\/2020\/01\/BARBARA-C-300x286.jpg 300w\" sizes=\"(max-width: 350px) 100vw, 350px\" \/><\/figure>\r\n<\/div>\r\n\r\n\r\n\r\n<div class=\"wp-block-column is-layout-flow wp-block-column-is-layout-flow\">\r\n<h1>BARBARA<\/h1>\r\n<h4><a href=\"https:\/\/yogaandco.fr\/site\/2025\/07\/15\/yoga-et-gym-douce\/\">Yoga &amp; gym douce<\/a>,<a href=\"https:\/\/yogaandco.fr\/site\/2020\/01\/21\/gymnastique-douce\/\"> Gym douce<\/a>, <a href=\"https:\/\/yogaandco.fr\/site\/2012\/07\/10\/hatha\/\">hatha yoga<\/a>, <a href=\"https:\/\/yogaandco.fr\/site\/2012\/07\/10\/vinasya\/\">yoga vinyasa<\/a><\/h4>\r\n<p>Passionn\u00e9e de danse depuis son plus jeune \u00e2ge, Barbara \u00e9tudie la danse classique et contemporaine en Italie d\u2019abord et en France apr\u00e8s, ce qui lui permet de d\u00e9velopper une conscience et une connaissance profonde du corps et du mouvement. La d\u00e9couverte ensuite du yoga et de la m\u00e9ditation l\u2019am\u00e8ne tout naturellement \u00e0 se tourner vers des techniques puissantes pour le soin du corps et de l\u2019esprit.<\/p>\r\n<p>Apr\u00e8s une exp\u00e9rience de plus de 10 ans en entreprise, Barbara se tourne vers le coaching, se certifiant \u00e0 la m\u00e9thode Energeia Dynamics\u00a9 pour accompagner le d\u00e9veloppement professionnel et personnel des personnes dans la bienveillance et dans le respect des rythmes et des valeurs de chacun. Dans la continuit\u00e9 de cet esprit elle d\u00e9cide d\u2019enrichir sa pratique avec la th\u00e9rapie \u00e9nerg\u00e9tique selon la m\u00e9thode de C\u00e9cile Storino, une des rares \u00e0 concilier les th\u00e9rapies cognitives et comportementales avec le travail \u00e9nerg\u00e9tique sur le corps. Plus r\u00e9cemment et gr\u00e2ce \u00e0 la pratique du yoga, Barbara d\u00e9cide d\u2019approfondir ses connaissances en Ayurveda, la \u00ab science de la vie \u00bb d\u2019apr\u00e8s l\u2019ancestral savoir indien et se forme aux diff\u00e9rentes techniques de massage ayurv\u00e9dique.<\/p>\r\n<p>Aujourd\u2019hui sa pratique se compose d\u2019un m\u00e9lange de techniques venant de l\u2019univers de l&rsquo;Ayurveda, du d\u00e9veloppement personnel, du qi gong, du yoga, de la danse, des th\u00e9rapies corps-esprit&#8230; pour un bien-\u00eatre \u00e0 360\u00b0 !<\/p>\r\n<\/div>\r\n<\/div>\r\n\r\n\r\n\n<div class=\"wp-block-buttons is-content-justification-center is-layout-flex wp-block-buttons-is-layout-flex\">\n<div class=\"wp-block-button is-style-outline is-style-outline--8fd7de0b45561d7b7fb2662738c0782f\"><a class=\"wp-block-button__link has-text-color no-border-radius\" href=\"https:\/\/yogaandco.fr\/site\/?page_id=294\" style=\"color:#2a504d\">Voir les autres professeurs<\/a><\/div>\n<\/div>\n\n\n","protected":false},"excerpt":{"rendered":"<p>BARBARA Yoga &amp; gym douce, Gym douce, hatha yoga, yoga vinyasa Passionn\u00e9e de danse depuis son plus jeune \u00e2ge, Barbara \u00e9tudie la danse classique et contemporaine en Italie d\u2019abord et en France apr\u00e8s, ce qui lui permet de d\u00e9velopper une conscience et une connaissance profonde du corps et du mouvement. La d\u00e9couverte ensuite du yoga &hellip;<\/p>\n<p class=\"read-more\"> <a class=\"\" href=\"https:\/\/yogaandco.fr\/site\/2020\/01\/21\/barbara-2\/\"> <span class=\"screen-reader-text\">Barbara<\/span> Lire la suite\u00a0\u00bb<\/a><\/p>\n","protected":false},"author":2,"featured_media":8415,"comment_status":"closed","ping_status":"closed","sticky":false,"template":"","format":"standard","meta":{"_monsterinsights_skip_tracking":false,"_monsterinsights_sitenote_active":false,"_monsterinsights_sitenote_note":"","_monsterinsights_sitenote_category":0,"footnotes":""},"categories":[10],"tags":[],"class_list":["post-8414","post","type-post","status-publish","format-standard","has-post-thumbnail","hentry","category-professeur"],"yoast_head":"<!-- This site is optimized with the Yoast SEO plugin v16.8 - https:\/\/yoast.com\/wordpress\/plugins\/seo\/ -->\n<title>Barbara - Yoga &amp; co<\/title>\n<meta name=\"robots\" content=\"index, follow, max-snippet:-1, max-image-preview:large, max-video-preview:-1\" \/>\n<link rel=\"canonical\" href=\"https:\/\/yogaandco.fr\/site\/2020\/01\/21\/barbara-2\/\" \/>\n<meta property=\"og:locale\" content=\"fr_FR\" \/>\n<meta property=\"og:type\" content=\"article\" \/>\n<meta property=\"og:title\" content=\"Barbara - Yoga &amp; co\" \/>\n<meta property=\"og:description\" content=\"BARBARA Yoga &amp; gym douce, Gym douce, hatha yoga, yoga vinyasa Passionn\u00e9e de danse depuis son plus jeune \u00e2ge, Barbara \u00e9tudie la danse classique et contemporaine en Italie d\u2019abord et en France apr\u00e8s, ce qui lui permet de d\u00e9velopper une conscience et une connaissance profonde du corps et du mouvement. La d\u00e9couverte ensuite du yoga &hellip; Barbara Lire la suite\u00a0\u00bb\" \/>\n<meta property=\"og:url\" content=\"https:\/\/yogaandco.fr\/site\/2020\/01\/21\/barbara-2\/\" \/>\n<meta property=\"og:site_name\" content=\"Yoga &amp; co\" \/>\n<meta property=\"article:published_time\" content=\"2020-01-21T17:07:19+00:00\" \/>\n<meta property=\"article:modified_time\" content=\"2025-07-15T15:46:15+00:00\" \/>\n<meta property=\"og:image\" content=\"https:\/\/yogaandco.fr\/site\/wp-content\/uploads\/2020\/01\/BARBARA-C.jpg\" \/>\n\t<meta property=\"og:image:width\" content=\"573\" \/>\n\t<meta property=\"og:image:height\" content=\"547\" \/>\n<meta name=\"twitter:label1\" content=\"\u00c9crit par\" \/>\n\t<meta name=\"twitter:data1\" content=\"Nadege\" \/>\n\t<meta name=\"twitter:label2\" content=\"Dur\u00e9e de lecture est.\" \/>\n\t<meta name=\"twitter:data2\" content=\"2 minutes\" \/>\n<script type=\"application\/ld+json\" class=\"yoast-schema-graph\">{\"@context\":\"https:\/\/schema.org\",\"@graph\":[{\"@type\":\"WebSite\",\"@id\":\"https:\/\/yogaandco.fr\/site\/#website\",\"url\":\"https:\/\/yogaandco.fr\/site\/\",\"name\":\"Yoga &amp; co\",\"description\":\"Yoga pour tous\",\"potentialAction\":[{\"@type\":\"SearchAction\",\"target\":{\"@type\":\"EntryPoint\",\"urlTemplate\":\"https:\/\/yogaandco.fr\/site\/?s={search_term_string}\"},\"query-input\":\"required name=search_term_string\"}],\"inLanguage\":\"fr-FR\"},{\"@type\":\"ImageObject\",\"@id\":\"https:\/\/yogaandco.fr\/site\/2020\/01\/21\/barbara-2\/#primaryimage\",\"inLanguage\":\"fr-FR\",\"url\":\"https:\/\/yogaandco.fr\/site\/wp-content\/uploads\/2020\/01\/BARBARA-C.jpg\",\"contentUrl\":\"https:\/\/yogaandco.fr\/site\/wp-content\/uploads\/2020\/01\/BARBARA-C.jpg\",\"width\":573,\"height\":547},{\"@type\":\"WebPage\",\"@id\":\"https:\/\/yogaandco.fr\/site\/2020\/01\/21\/barbara-2\/#webpage\",\"url\":\"https:\/\/yogaandco.fr\/site\/2020\/01\/21\/barbara-2\/\",\"name\":\"Barbara - Yoga &amp; co\",\"isPartOf\":{\"@id\":\"https:\/\/yogaandco.fr\/site\/#website\"},\"primaryImageOfPage\":{\"@id\":\"https:\/\/yogaandco.fr\/site\/2020\/01\/21\/barbara-2\/#primaryimage\"},\"datePublished\":\"2020-01-21T17:07:19+00:00\",\"dateModified\":\"2025-07-15T15:46:15+00:00\",\"author\":{\"@id\":\"https:\/\/yogaandco.fr\/site\/#\/schema\/person\/5fd8e3d6f5bf476db6483db2b29f9f9b\"},\"breadcrumb\":{\"@id\":\"https:\/\/yogaandco.fr\/site\/2020\/01\/21\/barbara-2\/#breadcrumb\"},\"inLanguage\":\"fr-FR\",\"potentialAction\":[{\"@type\":\"ReadAction\",\"target\":[\"https:\/\/yogaandco.fr\/site\/2020\/01\/21\/barbara-2\/\"]}]},{\"@type\":\"BreadcrumbList\",\"@id\":\"https:\/\/yogaandco.fr\/site\/2020\/01\/21\/barbara-2\/#breadcrumb\",\"itemListElement\":[{\"@type\":\"ListItem\",\"position\":1,\"name\":\"Accueil\",\"item\":\"https:\/\/yogaandco.fr\/site\/\"},{\"@type\":\"ListItem\",\"position\":2,\"name\":\"Barbara\"}]},{\"@type\":\"Person\",\"@id\":\"https:\/\/yogaandco.fr\/site\/#\/schema\/person\/5fd8e3d6f5bf476db6483db2b29f9f9b\",\"name\":\"Nadege\",\"image\":{\"@type\":\"ImageObject\",\"@id\":\"https:\/\/yogaandco.fr\/site\/#personlogo\",\"inLanguage\":\"fr-FR\",\"url\":\"https:\/\/secure.gravatar.com\/avatar\/1cb5d4fd74c73a8a09ac2842d663788e?s=96&d=mm&r=g\",\"contentUrl\":\"https:\/\/secure.gravatar.com\/avatar\/1cb5d4fd74c73a8a09ac2842d663788e?s=96&d=mm&r=g\",\"caption\":\"Nadege\"},\"sameAs\":[\"http:\/\/paris-yoga.blogspot.fr\/\"],\"url\":\"https:\/\/yogaandco.fr\/site\/author\/nadege\/\"}]}<\/script>\n<!-- \/ Yoast SEO plugin. -->","yoast_head_json":{"title":"Barbara - Yoga &amp; co","robots":{"index":"index","follow":"follow","max-snippet":"max-snippet:-1","max-image-preview":"max-image-preview:large","max-video-preview":"max-video-preview:-1"},"canonical":"https:\/\/yogaandco.fr\/site\/2020\/01\/21\/barbara-2\/","og_locale":"fr_FR","og_type":"article","og_title":"Barbara - Yoga &amp; co","og_description":"BARBARA Yoga &amp; gym douce, Gym douce, hatha yoga, yoga vinyasa Passionn\u00e9e de danse depuis son plus jeune \u00e2ge, Barbara \u00e9tudie la danse classique et contemporaine en Italie d\u2019abord et en France apr\u00e8s, ce qui lui permet de d\u00e9velopper une conscience et une connaissance profonde du corps et du mouvement. La d\u00e9couverte ensuite du yoga &hellip; Barbara Lire la suite\u00a0\u00bb","og_url":"https:\/\/yogaandco.fr\/site\/2020\/01\/21\/barbara-2\/","og_site_name":"Yoga &amp; co","article_published_time":"2020-01-21T17:07:19+00:00","article_modified_time":"2025-07-15T15:46:15+00:00","og_image":[{"width":573,"height":547,"filesize":55786,"url":"https:\/\/yogaandco.fr\/site\/wp-content\/uploads\/2020\/01\/BARBARA-C.jpg","path":"\/homepages\/20\/d419710255\/htdocs\/site\/wp-content\/uploads\/2020\/01\/BARBARA-C.jpg","size":"full","id":8415,"alt":"","pixels":313431,"type":"image\/jpeg"}],"twitter_misc":{"\u00c9crit par":"Nadege","Dur\u00e9e de lecture est.":"2 minutes"},"schema":{"@context":"https:\/\/schema.org","@graph":[{"@type":"WebSite","@id":"https:\/\/yogaandco.fr\/site\/#website","url":"https:\/\/yogaandco.fr\/site\/","name":"Yoga &amp; co","description":"Yoga pour tous","potentialAction":[{"@type":"SearchAction","target":{"@type":"EntryPoint","urlTemplate":"https:\/\/yogaandco.fr\/site\/?s={search_term_string}"},"query-input":"required name=search_term_string"}],"inLanguage":"fr-FR"},{"@type":"ImageObject","@id":"https:\/\/yogaandco.fr\/site\/2020\/01\/21\/barbara-2\/#primaryimage","inLanguage":"fr-FR","url":"https:\/\/yogaandco.fr\/site\/wp-content\/uploads\/2020\/01\/BARBARA-C.jpg","contentUrl":"https:\/\/yogaandco.fr\/site\/wp-content\/uploads\/2020\/01\/BARBARA-C.jpg","width":573,"height":547},{"@type":"WebPage","@id":"https:\/\/yogaandco.fr\/site\/2020\/01\/21\/barbara-2\/#webpage","url":"https:\/\/yogaandco.fr\/site\/2020\/01\/21\/barbara-2\/","name":"Barbara - Yoga &amp; co","isPartOf":{"@id":"https:\/\/yogaandco.fr\/site\/#website"},"primaryImageOfPage":{"@id":"https:\/\/yogaandco.fr\/site\/2020\/01\/21\/barbara-2\/#primaryimage"},"datePublished":"2020-01-21T17:07:19+00:00","dateModified":"2025-07-15T15:46:15+00:00","author":{"@id":"https:\/\/yogaandco.fr\/site\/#\/schema\/person\/5fd8e3d6f5bf476db6483db2b29f9f9b"},"breadcrumb":{"@id":"https:\/\/yogaandco.fr\/site\/2020\/01\/21\/barbara-2\/#breadcrumb"},"inLanguage":"fr-FR","potentialAction":[{"@type":"ReadAction","target":["https:\/\/yogaandco.fr\/site\/2020\/01\/21\/barbara-2\/"]}]},{"@type":"BreadcrumbList","@id":"https:\/\/yogaandco.fr\/site\/2020\/01\/21\/barbara-2\/#breadcrumb","itemListElement":[{"@type":"ListItem","position":1,"name":"Accueil","item":"https:\/\/yogaandco.fr\/site\/"},{"@type":"ListItem","position":2,"name":"Barbara"}]},{"@type":"Person","@id":"https:\/\/yogaandco.fr\/site\/#\/schema\/person\/5fd8e3d6f5bf476db6483db2b29f9f9b","name":"Nadege","image":{"@type":"ImageObject","@id":"https:\/\/yogaandco.fr\/site\/#personlogo","inLanguage":"fr-FR","url":"https:\/\/secure.gravatar.com\/avatar\/1cb5d4fd74c73a8a09ac2842d663788e?s=96&d=mm&r=g","contentUrl":"https:\/\/secure.gravatar.com\/avatar\/1cb5d4fd74c73a8a09ac2842d663788e?s=96&d=mm&r=g","caption":"Nadege"},"sameAs":["http:\/\/paris-yoga.blogspot.fr\/"],"url":"https:\/\/yogaandco.fr\/site\/author\/nadege\/"}]}},"_links":{"self":[{"href":"https:\/\/yogaandco.fr\/site\/wp-json\/wp\/v2\/posts\/8414"}],"collection":[{"href":"https:\/\/yogaandco.fr\/site\/wp-json\/wp\/v2\/posts"}],"about":[{"href":"https:\/\/yogaandco.fr\/site\/wp-json\/wp\/v2\/types\/post"}],"author":[{"embeddable":true,"href":"https:\/\/yogaandco.fr\/site\/wp-json\/wp\/v2\/users\/2"}],"replies":[{"embeddable":true,"href":"https:\/\/yogaandco.fr\/site\/wp-json\/wp\/v2\/comments?post=8414"}],"version-history":[{"count":19,"href":"https:\/\/yogaandco.fr\/site\/wp-json\/wp\/v2\/posts\/8414\/revisions"}],"predecessor-version":[{"id":13186,"href":"https:\/\/yogaandco.fr\/site\/wp-json\/wp\/v2\/posts\/8414\/revisions\/13186"}],"wp:featuredmedia":[{"embeddable":true,"href":"https:\/\/yogaandco.fr\/site\/wp-json\/wp\/v2\/media\/8415"}],"wp:attachment":[{"href":"https:\/\/yogaandco.fr\/site\/wp-json\/wp\/v2\/media?parent=8414"}],"wp:term":[{"taxonomy":"category","embeddable":true,"href":"https:\/\/yogaandco.fr\/site\/wp-json\/wp\/v2\/categories?post=8414"},{"taxonomy":"post_tag","embeddable":true,"href":"https:\/\/yogaandco.fr\/site\/wp-json\/wp\/v2\/tags?post=8414"}],"curies":[{"name":"wp","href":"https:\/\/api.w.org\/{rel}","templated":true}]}}