{"id":8991,"date":"2020-11-11T10:25:46","date_gmt":"2020-11-11T09:25:46","guid":{"rendered":"http:\/\/yogaandco.fr\/site\/?p=8991"},"modified":"2025-07-03T16:09:14","modified_gmt":"2025-07-03T15:09:14","slug":"vanessa-3","status":"publish","type":"post","link":"https:\/\/yogaandco.fr\/site\/2020\/11\/11\/vanessa-3\/","title":{"rendered":"Vanessa"},"content":{"rendered":"\n\n\n\n\n<div class=\"wp-block-columns is-layout-flex wp-container-core-columns-is-layout-1 wp-block-columns-is-layout-flex\">\n<div class=\"wp-block-column is-layout-flow wp-block-column-is-layout-flow\">\n<figure class=\"wp-block-image size-large is-resized is-style-rounded\"><img decoding=\"async\" width=\"364\" height=\"500\" src=\"https:\/\/yogaandco.fr\/site\/wp-content\/uploads\/2021\/06\/vanessa-364x500.jpeg\" alt=\"\" class=\"wp-image-9608\" style=\"width:365px;height:501px\" srcset=\"https:\/\/yogaandco.fr\/site\/wp-content\/uploads\/2021\/06\/vanessa-364x500.jpeg 364w, https:\/\/yogaandco.fr\/site\/wp-content\/uploads\/2021\/06\/vanessa-218x300.jpeg 218w, https:\/\/yogaandco.fr\/site\/wp-content\/uploads\/2021\/06\/vanessa-768x1056.jpeg 768w, https:\/\/yogaandco.fr\/site\/wp-content\/uploads\/2021\/06\/vanessa-1117x1536.jpeg 1117w, https:\/\/yogaandco.fr\/site\/wp-content\/uploads\/2021\/06\/vanessa-1489x2048.jpeg 1489w, https:\/\/yogaandco.fr\/site\/wp-content\/uploads\/2021\/06\/vanessa-1320x1815.jpeg 1320w, https:\/\/yogaandco.fr\/site\/wp-content\/uploads\/2021\/06\/vanessa.jpeg 1396w\" sizes=\"(max-width: 364px) 100vw, 364px\" \/><\/figure>\n<\/div>\n\n\n\n<div class=\"wp-block-column is-layout-flow wp-block-column-is-layout-flow\">\n<h1><strong>Vanessa<\/strong><\/h1>\n<h4><strong><a href=\"https:\/\/yogaandco.fr\/site\/2012\/07\/19\/pilates\/\">Pilates<\/a><\/strong><\/h4>\n<div>\n<p>Apr\u00e8s des \u00e9tudes d\u2019histoire de l\u2019art \u00e0 Grenoble, Vanessa d\u00e9couvre le yoga \u00e0 l\u2019occasion d\u2019une formation de massage Ayurv\u00e9dique en Inde. Elle obtient en 2005 son dipl\u00f4me de yoga Shivananda \u00e0 Neyyar Dam (Inde). Sa curiosit\u00e9 constante l\u2019am\u00e8ne \u00e0 faire de multiples formations compl\u00e9mentaires dans d\u2019autres types de yoga ; ce qui lui permet aujourd\u2019hui de s\u2019adapter \u00e0 chacun. Elle parfait ses connaissances \u00e0 travers une certification de Pilates en 2011 en mat et en r\u00e9former.<\/p>\n<p>En 2015 elle est dipl\u00f4m\u00e9e d\u2019\u00c9tat en tant que professeur de sport avec une sp\u00e9cialisation sant\u00e9 (maux du dos). Curieuse de l\u2019autre, elle saura \u00eatre \u00e0 votre \u00e9coute, son \u00e9nergie et sa g\u00e9n\u00e9rosit\u00e9 p\u00e9dagogique vous motiveront.<\/p>\n<p><em><strong>\u00ab\u00a0Son adage : travailler s\u00e9rieusement sans se prendre au s\u00e9rieux.\u00a0\u00bb<\/strong><\/em><\/p>\n<\/div>\n<\/div>\n<\/div>\n\n\n\n\n\n<div class=\"wp-block-buttons is-content-justification-center is-layout-flex wp-block-buttons-is-layout-flex\">\n<div class=\"wp-block-button is-style-outline is-style-outline--8fd7de0b45561d7b7fb2662738c0782f\"><a class=\"wp-block-button__link has-text-color no-border-radius\" href=\"https:\/\/yogaandco.fr\/site\/?page_id=294\" style=\"color:#2a504d\">Voir les autres professeurs<\/a><\/div>\n<\/div>\n\n\n","protected":false},"excerpt":{"rendered":"<p>Vanessa Pilates Apr\u00e8s des \u00e9tudes d\u2019histoire de l\u2019art \u00e0 Grenoble, Vanessa d\u00e9couvre le yoga \u00e0 l\u2019occasion d\u2019une formation de massage Ayurv\u00e9dique en Inde. Elle obtient en 2005 son dipl\u00f4me de yoga Shivananda \u00e0 Neyyar Dam (Inde). Sa curiosit\u00e9 constante l\u2019am\u00e8ne \u00e0 faire de multiples formations compl\u00e9mentaires dans d\u2019autres types de yoga ; ce qui lui &hellip;<\/p>\n<p class=\"read-more\"> <a class=\"\" href=\"https:\/\/yogaandco.fr\/site\/2020\/11\/11\/vanessa-3\/\"> <span class=\"screen-reader-text\">Vanessa<\/span> Lire la suite\u00a0\u00bb<\/a><\/p>\n","protected":false},"author":2,"featured_media":9609,"comment_status":"closed","ping_status":"closed","sticky":false,"template":"","format":"standard","meta":{"_monsterinsights_skip_tracking":false,"_monsterinsights_sitenote_active":false,"_monsterinsights_sitenote_note":"","_monsterinsights_sitenote_category":0,"footnotes":""},"categories":[10],"tags":[116,28,15,19,122],"class_list":["post-8991","post","type-post","status-publish","format-standard","has-post-thumbnail","hentry","category-professeur","tag-hathayoga","tag-pilates","tag-vinyasa","tag-yoga","tag-yogavinyasa"],"yoast_head":"<!-- This site is optimized with the Yoast SEO plugin v16.8 - https:\/\/yoast.com\/wordpress\/plugins\/seo\/ -->\n<title>Vanessa - Yoga &amp; co<\/title>\n<meta name=\"robots\" content=\"index, follow, max-snippet:-1, max-image-preview:large, max-video-preview:-1\" \/>\n<link rel=\"canonical\" href=\"https:\/\/yogaandco.fr\/site\/2020\/11\/11\/vanessa-3\/\" \/>\n<meta property=\"og:locale\" content=\"fr_FR\" \/>\n<meta property=\"og:type\" content=\"article\" \/>\n<meta property=\"og:title\" content=\"Vanessa - Yoga &amp; co\" \/>\n<meta property=\"og:description\" content=\"Vanessa Pilates Apr\u00e8s des \u00e9tudes d\u2019histoire de l\u2019art \u00e0 Grenoble, Vanessa d\u00e9couvre le yoga \u00e0 l\u2019occasion d\u2019une formation de massage Ayurv\u00e9dique en Inde. Elle obtient en 2005 son dipl\u00f4me de yoga Shivananda \u00e0 Neyyar Dam (Inde). Sa curiosit\u00e9 constante l\u2019am\u00e8ne \u00e0 faire de multiples formations compl\u00e9mentaires dans d\u2019autres types de yoga ; ce qui lui &hellip; Vanessa Lire la suite\u00a0\u00bb\" \/>\n<meta property=\"og:url\" content=\"https:\/\/yogaandco.fr\/site\/2020\/11\/11\/vanessa-3\/\" \/>\n<meta property=\"og:site_name\" content=\"Yoga &amp; co\" \/>\n<meta property=\"article:published_time\" content=\"2020-11-11T09:25:46+00:00\" \/>\n<meta property=\"article:modified_time\" content=\"2025-07-03T15:09:14+00:00\" \/>\n<meta property=\"og:image\" content=\"https:\/\/yogaandco.fr\/site\/wp-content\/uploads\/2020\/11\/vanessa.jpeg\" \/>\n\t<meta property=\"og:image:width\" content=\"1396\" \/>\n\t<meta property=\"og:image:height\" content=\"1920\" \/>\n<meta name=\"twitter:label1\" content=\"\u00c9crit par\" \/>\n\t<meta name=\"twitter:data1\" content=\"Nadege\" \/>\n\t<meta name=\"twitter:label2\" content=\"Dur\u00e9e de lecture est.\" \/>\n\t<meta name=\"twitter:data2\" content=\"1 minute\" \/>\n<script type=\"application\/ld+json\" class=\"yoast-schema-graph\">{\"@context\":\"https:\/\/schema.org\",\"@graph\":[{\"@type\":\"WebSite\",\"@id\":\"https:\/\/yogaandco.fr\/site\/#website\",\"url\":\"https:\/\/yogaandco.fr\/site\/\",\"name\":\"Yoga &amp; co\",\"description\":\"Yoga pour tous\",\"potentialAction\":[{\"@type\":\"SearchAction\",\"target\":{\"@type\":\"EntryPoint\",\"urlTemplate\":\"https:\/\/yogaandco.fr\/site\/?s={search_term_string}\"},\"query-input\":\"required name=search_term_string\"}],\"inLanguage\":\"fr-FR\"},{\"@type\":\"ImageObject\",\"@id\":\"https:\/\/yogaandco.fr\/site\/2020\/11\/11\/vanessa-3\/#primaryimage\",\"inLanguage\":\"fr-FR\",\"url\":\"https:\/\/yogaandco.fr\/site\/wp-content\/uploads\/2020\/11\/vanessa.jpeg\",\"contentUrl\":\"https:\/\/yogaandco.fr\/site\/wp-content\/uploads\/2020\/11\/vanessa.jpeg\",\"width\":1396,\"height\":1920},{\"@type\":\"WebPage\",\"@id\":\"https:\/\/yogaandco.fr\/site\/2020\/11\/11\/vanessa-3\/#webpage\",\"url\":\"https:\/\/yogaandco.fr\/site\/2020\/11\/11\/vanessa-3\/\",\"name\":\"Vanessa - Yoga &amp; co\",\"isPartOf\":{\"@id\":\"https:\/\/yogaandco.fr\/site\/#website\"},\"primaryImageOfPage\":{\"@id\":\"https:\/\/yogaandco.fr\/site\/2020\/11\/11\/vanessa-3\/#primaryimage\"},\"datePublished\":\"2020-11-11T09:25:46+00:00\",\"dateModified\":\"2025-07-03T15:09:14+00:00\",\"author\":{\"@id\":\"https:\/\/yogaandco.fr\/site\/#\/schema\/person\/5fd8e3d6f5bf476db6483db2b29f9f9b\"},\"breadcrumb\":{\"@id\":\"https:\/\/yogaandco.fr\/site\/2020\/11\/11\/vanessa-3\/#breadcrumb\"},\"inLanguage\":\"fr-FR\",\"potentialAction\":[{\"@type\":\"ReadAction\",\"target\":[\"https:\/\/yogaandco.fr\/site\/2020\/11\/11\/vanessa-3\/\"]}]},{\"@type\":\"BreadcrumbList\",\"@id\":\"https:\/\/yogaandco.fr\/site\/2020\/11\/11\/vanessa-3\/#breadcrumb\",\"itemListElement\":[{\"@type\":\"ListItem\",\"position\":1,\"name\":\"Accueil\",\"item\":\"https:\/\/yogaandco.fr\/site\/\"},{\"@type\":\"ListItem\",\"position\":2,\"name\":\"Vanessa\"}]},{\"@type\":\"Person\",\"@id\":\"https:\/\/yogaandco.fr\/site\/#\/schema\/person\/5fd8e3d6f5bf476db6483db2b29f9f9b\",\"name\":\"Nadege\",\"image\":{\"@type\":\"ImageObject\",\"@id\":\"https:\/\/yogaandco.fr\/site\/#personlogo\",\"inLanguage\":\"fr-FR\",\"url\":\"https:\/\/secure.gravatar.com\/avatar\/1cb5d4fd74c73a8a09ac2842d663788e?s=96&d=mm&r=g\",\"contentUrl\":\"https:\/\/secure.gravatar.com\/avatar\/1cb5d4fd74c73a8a09ac2842d663788e?s=96&d=mm&r=g\",\"caption\":\"Nadege\"},\"sameAs\":[\"http:\/\/paris-yoga.blogspot.fr\/\"],\"url\":\"https:\/\/yogaandco.fr\/site\/author\/nadege\/\"}]}<\/script>\n<!-- \/ Yoast SEO plugin. -->","yoast_head_json":{"title":"Vanessa - Yoga &amp; co","robots":{"index":"index","follow":"follow","max-snippet":"max-snippet:-1","max-image-preview":"max-image-preview:large","max-video-preview":"max-video-preview:-1"},"canonical":"https:\/\/yogaandco.fr\/site\/2020\/11\/11\/vanessa-3\/","og_locale":"fr_FR","og_type":"article","og_title":"Vanessa - Yoga &amp; co","og_description":"Vanessa Pilates Apr\u00e8s des \u00e9tudes d\u2019histoire de l\u2019art \u00e0 Grenoble, Vanessa d\u00e9couvre le yoga \u00e0 l\u2019occasion d\u2019une formation de massage Ayurv\u00e9dique en Inde. Elle obtient en 2005 son dipl\u00f4me de yoga Shivananda \u00e0 Neyyar Dam (Inde). Sa curiosit\u00e9 constante l\u2019am\u00e8ne \u00e0 faire de multiples formations compl\u00e9mentaires dans d\u2019autres types de yoga ; ce qui lui &hellip; Vanessa Lire la suite\u00a0\u00bb","og_url":"https:\/\/yogaandco.fr\/site\/2020\/11\/11\/vanessa-3\/","og_site_name":"Yoga &amp; co","article_published_time":"2020-11-11T09:25:46+00:00","article_modified_time":"2025-07-03T15:09:14+00:00","og_image":[{"width":1396,"height":1920,"filesize":257539,"url":"https:\/\/yogaandco.fr\/site\/wp-content\/uploads\/2020\/11\/vanessa.jpeg","path":"\/homepages\/20\/d419710255\/htdocs\/site\/wp-content\/uploads\/2020\/11\/vanessa.jpeg","size":"full","id":9609,"alt":"","pixels":2680320,"type":"image\/jpeg"}],"twitter_misc":{"\u00c9crit par":"Nadege","Dur\u00e9e de lecture est.":"1 minute"},"schema":{"@context":"https:\/\/schema.org","@graph":[{"@type":"WebSite","@id":"https:\/\/yogaandco.fr\/site\/#website","url":"https:\/\/yogaandco.fr\/site\/","name":"Yoga &amp; co","description":"Yoga pour tous","potentialAction":[{"@type":"SearchAction","target":{"@type":"EntryPoint","urlTemplate":"https:\/\/yogaandco.fr\/site\/?s={search_term_string}"},"query-input":"required name=search_term_string"}],"inLanguage":"fr-FR"},{"@type":"ImageObject","@id":"https:\/\/yogaandco.fr\/site\/2020\/11\/11\/vanessa-3\/#primaryimage","inLanguage":"fr-FR","url":"https:\/\/yogaandco.fr\/site\/wp-content\/uploads\/2020\/11\/vanessa.jpeg","contentUrl":"https:\/\/yogaandco.fr\/site\/wp-content\/uploads\/2020\/11\/vanessa.jpeg","width":1396,"height":1920},{"@type":"WebPage","@id":"https:\/\/yogaandco.fr\/site\/2020\/11\/11\/vanessa-3\/#webpage","url":"https:\/\/yogaandco.fr\/site\/2020\/11\/11\/vanessa-3\/","name":"Vanessa - Yoga &amp; co","isPartOf":{"@id":"https:\/\/yogaandco.fr\/site\/#website"},"primaryImageOfPage":{"@id":"https:\/\/yogaandco.fr\/site\/2020\/11\/11\/vanessa-3\/#primaryimage"},"datePublished":"2020-11-11T09:25:46+00:00","dateModified":"2025-07-03T15:09:14+00:00","author":{"@id":"https:\/\/yogaandco.fr\/site\/#\/schema\/person\/5fd8e3d6f5bf476db6483db2b29f9f9b"},"breadcrumb":{"@id":"https:\/\/yogaandco.fr\/site\/2020\/11\/11\/vanessa-3\/#breadcrumb"},"inLanguage":"fr-FR","potentialAction":[{"@type":"ReadAction","target":["https:\/\/yogaandco.fr\/site\/2020\/11\/11\/vanessa-3\/"]}]},{"@type":"BreadcrumbList","@id":"https:\/\/yogaandco.fr\/site\/2020\/11\/11\/vanessa-3\/#breadcrumb","itemListElement":[{"@type":"ListItem","position":1,"name":"Accueil","item":"https:\/\/yogaandco.fr\/site\/"},{"@type":"ListItem","position":2,"name":"Vanessa"}]},{"@type":"Person","@id":"https:\/\/yogaandco.fr\/site\/#\/schema\/person\/5fd8e3d6f5bf476db6483db2b29f9f9b","name":"Nadege","image":{"@type":"ImageObject","@id":"https:\/\/yogaandco.fr\/site\/#personlogo","inLanguage":"fr-FR","url":"https:\/\/secure.gravatar.com\/avatar\/1cb5d4fd74c73a8a09ac2842d663788e?s=96&d=mm&r=g","contentUrl":"https:\/\/secure.gravatar.com\/avatar\/1cb5d4fd74c73a8a09ac2842d663788e?s=96&d=mm&r=g","caption":"Nadege"},"sameAs":["http:\/\/paris-yoga.blogspot.fr\/"],"url":"https:\/\/yogaandco.fr\/site\/author\/nadege\/"}]}},"_links":{"self":[{"href":"https:\/\/yogaandco.fr\/site\/wp-json\/wp\/v2\/posts\/8991"}],"collection":[{"href":"https:\/\/yogaandco.fr\/site\/wp-json\/wp\/v2\/posts"}],"about":[{"href":"https:\/\/yogaandco.fr\/site\/wp-json\/wp\/v2\/types\/post"}],"author":[{"embeddable":true,"href":"https:\/\/yogaandco.fr\/site\/wp-json\/wp\/v2\/users\/2"}],"replies":[{"embeddable":true,"href":"https:\/\/yogaandco.fr\/site\/wp-json\/wp\/v2\/comments?post=8991"}],"version-history":[{"count":17,"href":"https:\/\/yogaandco.fr\/site\/wp-json\/wp\/v2\/posts\/8991\/revisions"}],"predecessor-version":[{"id":13155,"href":"https:\/\/yogaandco.fr\/site\/wp-json\/wp\/v2\/posts\/8991\/revisions\/13155"}],"wp:featuredmedia":[{"embeddable":true,"href":"https:\/\/yogaandco.fr\/site\/wp-json\/wp\/v2\/media\/9609"}],"wp:attachment":[{"href":"https:\/\/yogaandco.fr\/site\/wp-json\/wp\/v2\/media?parent=8991"}],"wp:term":[{"taxonomy":"category","embeddable":true,"href":"https:\/\/yogaandco.fr\/site\/wp-json\/wp\/v2\/categories?post=8991"},{"taxonomy":"post_tag","embeddable":true,"href":"https:\/\/yogaandco.fr\/site\/wp-json\/wp\/v2\/tags?post=8991"}],"curies":[{"name":"wp","href":"https:\/\/api.w.org\/{rel}","templated":true}]}}