{"id":9942,"date":"2021-07-01T18:19:43","date_gmt":"2021-07-01T17:19:43","guid":{"rendered":"http:\/\/yogaandco.fr\/site\/1619974057036\/?p=9942"},"modified":"2024-08-30T17:40:42","modified_gmt":"2024-08-30T16:40:42","slug":"agnes-2","status":"publish","type":"post","link":"https:\/\/yogaandco.fr\/site\/2021\/07\/01\/agnes-2\/","title":{"rendered":"Agn\u00e8s"},"content":{"rendered":"<p>[vc_row][vc_column][vc_column_text]<\/p>\n<div class=\"wp-block-columns is-layout-flex wp-container-core-columns-is-layout-1 wp-block-columns-is-layout-flex\">\n<div class=\"wp-block-column is-layout-flow wp-block-column-is-layout-flow\">\n<figure class=\"wp-block-image size-large is-style-rounded\"><img decoding=\"async\" width=\"376\" height=\"500\" class=\"wp-image-9943\" src=\"https:\/\/yogaandco.fr\/site\/wp-content\/uploads\/2021\/07\/AGNES-376x500.jpg\" alt=\"\" srcset=\"https:\/\/yogaandco.fr\/site\/wp-content\/uploads\/2021\/07\/AGNES-376x500.jpg 376w, https:\/\/yogaandco.fr\/site\/wp-content\/uploads\/2021\/07\/AGNES-225x300.jpg 225w, https:\/\/yogaandco.fr\/site\/wp-content\/uploads\/2021\/07\/AGNES-768x1022.jpg 768w, https:\/\/yogaandco.fr\/site\/wp-content\/uploads\/2021\/07\/AGNES-1154x1536.jpg 1154w, https:\/\/yogaandco.fr\/site\/wp-content\/uploads\/2021\/07\/AGNES-1539x2048.jpg 1539w, https:\/\/yogaandco.fr\/site\/wp-content\/uploads\/2021\/07\/AGNES-1320x1757.jpg 1320w, https:\/\/yogaandco.fr\/site\/wp-content\/uploads\/2021\/07\/AGNES-scaled.jpg 1442w\" sizes=\"(max-width: 376px) 100vw, 376px\" \/><\/figure>\n\n<\/div>\n\n\n<div class=\"wp-block-column is-layout-flow wp-block-column-is-layout-flow\">\n<h1>AGNES<\/h1>\n<h4>y<a href=\"https:\/\/yogaandco.fr\/site\/2021\/08\/02\/6363-2-2\/\">oga restauratif<\/a><\/h4>\n<p class=\"CorpsA\">Apr\u00e8s une carri\u00e8re de styliste dans la mode et un besoin de reconversion vers plus d\u2019 authenticit\u00e9 et de connexion \u00e0 l\u2019humain, le yoga s\u2019est impos\u00e9 comme une \u00e9vidence sur le chemin d\u2019Agn\u00e8s.<\/p>\n<p class=\"CorpsA\">Pratiquante assidue depuis une dizaine d\u2019ann\u00e9es, elle s\u2019est form\u00e9e au Hatha yoga aupr\u00e8s de C\u00e9line Miconnet \u00ab\u00a0Green Yoga\u00a0\u00bb en 2017, puis au Vinyasa aupr\u00e8s de St\u00e9phanie Viu-Kessler \u00ab\u00a0Xandra Yoga\u00a0\u00bb, et au Yin aupr\u00e8s de Sandrine Martin en 2020. Elle a \u00e9galement suivie une formation de \u00ab\u00a0Yoga sans d\u00e9g\u00e2ts\u00a0\u00bb de l\u2019institut De Gasquet.<\/p>\n<p class=\"CorpsA\">Elle vous guidera avec douceur et bienveillance, en vous aidant \u00e0 ressentir la posture de l\u2019int\u00e9rieur et \u00e0 s\u2019\u00e9loigner de l\u2019image que l\u2019on s\u2019en fait mentalement : on a tous un corps et des limitations diff\u00e9rentes, c\u2019est le yoga qui s\u2019adapte \u00e0 chacun de nous et non l\u2019inverse.<\/p>\n<p class=\"CorpsA\">Elle vous aidera \u00e0 observer ce qu\u2019il se passe dans le corps et le mental, observer la respiration, le rythme cardiaque\u2026<\/p>\n<p class=\"CorpsA\">Mieux se connaitre de l\u2019int\u00e9rieur pour mieux respirer, calmer un mental agit\u00e9, assouplir et ouvrir un corps contract\u00e9 pour laisser \u00ab\u00a0couler et fluidifier\u00a0\u00bb les belles \u00e9nergies qui le compose et en faire \u00e9merger le meilleur pour trouver l\u2019apaisement.<\/p>\n<p class=\"CorpsA\">C\u2019est avec beaucoup de respect, de gratitude et d\u2019enthousiasme qu\u2019elle transmet ce que ses professeurs lui ont appris.<\/p>\n<p>Elle propose une longue s\u00e9ance de yoga restauratif un dimanche par mois.<\/p>\n\n<\/div>\n\n<\/div>\n\n\n<div class=\"wp-block-buttons is-content-justification-center is-layout-flex wp-block-buttons-is-layout-flex\">\n<div class=\"wp-block-button is-style-outline is-style-outline--8fd7de0b45561d7b7fb2662738c0782f\"><a class=\"wp-block-button__link has-text-color no-border-radius\" href=\"https:\/\/yogaandco.fr\/site\/?page_id=294\" style=\"color:#2a504d\">Voir les autres professeurs<\/a><\/div>\n<\/div>\n\n\n\n<p>&nbsp;<\/p>\n<p>[\/vc_column_text][\/vc_column][\/vc_row]<\/p>\n","protected":false},"excerpt":{"rendered":"<p>[vc_row][vc_column][vc_column_text] AGNES yoga restauratif Apr\u00e8s une carri\u00e8re de styliste dans la mode et un besoin de reconversion vers plus d\u2019 authenticit\u00e9 et de connexion \u00e0 l\u2019humain, le yoga s\u2019est impos\u00e9 comme une \u00e9vidence sur le chemin d\u2019Agn\u00e8s. Pratiquante assidue depuis une dizaine d\u2019ann\u00e9es, elle s\u2019est form\u00e9e au Hatha yoga aupr\u00e8s de C\u00e9line Miconnet \u00ab\u00a0Green Yoga\u00a0\u00bb &hellip;<\/p>\n<p class=\"read-more\"> <a class=\"\" href=\"https:\/\/yogaandco.fr\/site\/2021\/07\/01\/agnes-2\/\"> <span class=\"screen-reader-text\">Agn\u00e8s<\/span> Lire la suite\u00a0\u00bb<\/a><\/p>\n","protected":false},"author":1,"featured_media":9943,"comment_status":"closed","ping_status":"closed","sticky":false,"template":"","format":"standard","meta":{"_monsterinsights_skip_tracking":false,"_monsterinsights_sitenote_active":false,"_monsterinsights_sitenote_note":"","_monsterinsights_sitenote_category":0,"footnotes":""},"categories":[10],"tags":[116,117,118,103,114],"class_list":["post-9942","post","type-post","status-publish","format-standard","has-post-thumbnail","hentry","category-professeur","tag-hathayoga","tag-meditation-2","tag-remiseenforme","tag-yinyoga","tag-yogarestorarif"],"yoast_head":"<!-- This site is optimized with the Yoast SEO plugin v16.8 - https:\/\/yoast.com\/wordpress\/plugins\/seo\/ -->\n<title>Agn\u00e8s - Yoga &amp; co<\/title>\n<meta name=\"robots\" content=\"index, follow, max-snippet:-1, max-image-preview:large, max-video-preview:-1\" \/>\n<link rel=\"canonical\" href=\"https:\/\/yogaandco.fr\/site\/2021\/07\/01\/agnes-2\/\" \/>\n<meta property=\"og:locale\" content=\"fr_FR\" \/>\n<meta property=\"og:type\" content=\"article\" \/>\n<meta property=\"og:title\" content=\"Agn\u00e8s - Yoga &amp; co\" \/>\n<meta property=\"og:description\" content=\"[vc_row][vc_column][vc_column_text] AGNES yoga restauratif Apr\u00e8s une carri\u00e8re de styliste dans la mode et un besoin de reconversion vers plus d\u2019 authenticit\u00e9 et de connexion \u00e0 l\u2019humain, le yoga s\u2019est impos\u00e9 comme une \u00e9vidence sur le chemin d\u2019Agn\u00e8s. Pratiquante assidue depuis une dizaine d\u2019ann\u00e9es, elle s\u2019est form\u00e9e au Hatha yoga aupr\u00e8s de C\u00e9line Miconnet \u00ab\u00a0Green Yoga\u00a0\u00bb &hellip; Agn\u00e8s Lire la suite\u00a0\u00bb\" \/>\n<meta property=\"og:url\" content=\"https:\/\/yogaandco.fr\/site\/2021\/07\/01\/agnes-2\/\" \/>\n<meta property=\"og:site_name\" content=\"Yoga &amp; co\" \/>\n<meta property=\"article:published_time\" content=\"2021-07-01T17:19:43+00:00\" \/>\n<meta property=\"article:modified_time\" content=\"2024-08-30T16:40:42+00:00\" \/>\n<meta property=\"og:image\" content=\"https:\/\/yogaandco.fr\/site\/wp-content\/uploads\/2021\/07\/AGNES-scaled.jpg\" \/>\n\t<meta property=\"og:image:width\" content=\"1442\" \/>\n\t<meta property=\"og:image:height\" content=\"1920\" \/>\n<meta name=\"twitter:label1\" content=\"\u00c9crit par\" \/>\n\t<meta name=\"twitter:data1\" content=\"prz\" \/>\n\t<meta name=\"twitter:label2\" content=\"Dur\u00e9e de lecture est.\" \/>\n\t<meta name=\"twitter:data2\" content=\"2 minutes\" \/>\n<script type=\"application\/ld+json\" class=\"yoast-schema-graph\">{\"@context\":\"https:\/\/schema.org\",\"@graph\":[{\"@type\":\"WebSite\",\"@id\":\"https:\/\/yogaandco.fr\/site\/#website\",\"url\":\"https:\/\/yogaandco.fr\/site\/\",\"name\":\"Yoga &amp; co\",\"description\":\"Yoga pour tous\",\"potentialAction\":[{\"@type\":\"SearchAction\",\"target\":{\"@type\":\"EntryPoint\",\"urlTemplate\":\"https:\/\/yogaandco.fr\/site\/?s={search_term_string}\"},\"query-input\":\"required name=search_term_string\"}],\"inLanguage\":\"fr-FR\"},{\"@type\":\"ImageObject\",\"@id\":\"https:\/\/yogaandco.fr\/site\/2021\/07\/01\/agnes-2\/#primaryimage\",\"inLanguage\":\"fr-FR\",\"url\":\"https:\/\/yogaandco.fr\/site\/wp-content\/uploads\/2021\/07\/AGNES-scaled.jpg\",\"contentUrl\":\"https:\/\/yogaandco.fr\/site\/wp-content\/uploads\/2021\/07\/AGNES-scaled.jpg\",\"width\":1442,\"height\":1920},{\"@type\":\"WebPage\",\"@id\":\"https:\/\/yogaandco.fr\/site\/2021\/07\/01\/agnes-2\/#webpage\",\"url\":\"https:\/\/yogaandco.fr\/site\/2021\/07\/01\/agnes-2\/\",\"name\":\"Agn\\u00e8s - Yoga &amp; co\",\"isPartOf\":{\"@id\":\"https:\/\/yogaandco.fr\/site\/#website\"},\"primaryImageOfPage\":{\"@id\":\"https:\/\/yogaandco.fr\/site\/2021\/07\/01\/agnes-2\/#primaryimage\"},\"datePublished\":\"2021-07-01T17:19:43+00:00\",\"dateModified\":\"2024-08-30T16:40:42+00:00\",\"author\":{\"@id\":\"https:\/\/yogaandco.fr\/site\/#\/schema\/person\/93d67d8490afb6a2be75c0feab8cf548\"},\"breadcrumb\":{\"@id\":\"https:\/\/yogaandco.fr\/site\/2021\/07\/01\/agnes-2\/#breadcrumb\"},\"inLanguage\":\"fr-FR\",\"potentialAction\":[{\"@type\":\"ReadAction\",\"target\":[\"https:\/\/yogaandco.fr\/site\/2021\/07\/01\/agnes-2\/\"]}]},{\"@type\":\"BreadcrumbList\",\"@id\":\"https:\/\/yogaandco.fr\/site\/2021\/07\/01\/agnes-2\/#breadcrumb\",\"itemListElement\":[{\"@type\":\"ListItem\",\"position\":1,\"name\":\"Accueil\",\"item\":\"https:\/\/yogaandco.fr\/site\/\"},{\"@type\":\"ListItem\",\"position\":2,\"name\":\"Agn\\u00e8s\"}]},{\"@type\":\"Person\",\"@id\":\"https:\/\/yogaandco.fr\/site\/#\/schema\/person\/93d67d8490afb6a2be75c0feab8cf548\",\"name\":\"prz\",\"image\":{\"@type\":\"ImageObject\",\"@id\":\"https:\/\/yogaandco.fr\/site\/#personlogo\",\"inLanguage\":\"fr-FR\",\"url\":\"https:\/\/secure.gravatar.com\/avatar\/40027cb7322f83783bcf089c1a92ba13?s=96&d=mm&r=g\",\"contentUrl\":\"https:\/\/secure.gravatar.com\/avatar\/40027cb7322f83783bcf089c1a92ba13?s=96&d=mm&r=g\",\"caption\":\"prz\"},\"sameAs\":[\"http:\/\/briconum.fr\"],\"url\":\"https:\/\/yogaandco.fr\/site\/author\/prz\/\"}]}<\/script>\n<!-- \/ Yoast SEO plugin. -->","yoast_head_json":{"title":"Agn\u00e8s - Yoga &amp; co","robots":{"index":"index","follow":"follow","max-snippet":"max-snippet:-1","max-image-preview":"max-image-preview:large","max-video-preview":"max-video-preview:-1"},"canonical":"https:\/\/yogaandco.fr\/site\/2021\/07\/01\/agnes-2\/","og_locale":"fr_FR","og_type":"article","og_title":"Agn\u00e8s - Yoga &amp; co","og_description":"[vc_row][vc_column][vc_column_text] AGNES yoga restauratif Apr\u00e8s une carri\u00e8re de styliste dans la mode et un besoin de reconversion vers plus d\u2019 authenticit\u00e9 et de connexion \u00e0 l\u2019humain, le yoga s\u2019est impos\u00e9 comme une \u00e9vidence sur le chemin d\u2019Agn\u00e8s. Pratiquante assidue depuis une dizaine d\u2019ann\u00e9es, elle s\u2019est form\u00e9e au Hatha yoga aupr\u00e8s de C\u00e9line Miconnet \u00ab\u00a0Green Yoga\u00a0\u00bb &hellip; Agn\u00e8s Lire la suite\u00a0\u00bb","og_url":"https:\/\/yogaandco.fr\/site\/2021\/07\/01\/agnes-2\/","og_site_name":"Yoga &amp; co","article_published_time":"2021-07-01T17:19:43+00:00","article_modified_time":"2024-08-30T16:40:42+00:00","og_image":[{"width":1442,"height":1920,"filesize":256190,"url":"https:\/\/yogaandco.fr\/site\/wp-content\/uploads\/2021\/07\/AGNES-scaled.jpg","path":"\/homepages\/20\/d419710255\/htdocs\/site\/wp-content\/uploads\/2021\/07\/AGNES-scaled.jpg","size":"full","id":9943,"alt":"","pixels":2768640,"type":"image\/jpeg"}],"twitter_misc":{"\u00c9crit par":"prz","Dur\u00e9e de lecture est.":"2 minutes"},"schema":{"@context":"https:\/\/schema.org","@graph":[{"@type":"WebSite","@id":"https:\/\/yogaandco.fr\/site\/#website","url":"https:\/\/yogaandco.fr\/site\/","name":"Yoga &amp; co","description":"Yoga pour tous","potentialAction":[{"@type":"SearchAction","target":{"@type":"EntryPoint","urlTemplate":"https:\/\/yogaandco.fr\/site\/?s={search_term_string}"},"query-input":"required name=search_term_string"}],"inLanguage":"fr-FR"},{"@type":"ImageObject","@id":"https:\/\/yogaandco.fr\/site\/2021\/07\/01\/agnes-2\/#primaryimage","inLanguage":"fr-FR","url":"https:\/\/yogaandco.fr\/site\/wp-content\/uploads\/2021\/07\/AGNES-scaled.jpg","contentUrl":"https:\/\/yogaandco.fr\/site\/wp-content\/uploads\/2021\/07\/AGNES-scaled.jpg","width":1442,"height":1920},{"@type":"WebPage","@id":"https:\/\/yogaandco.fr\/site\/2021\/07\/01\/agnes-2\/#webpage","url":"https:\/\/yogaandco.fr\/site\/2021\/07\/01\/agnes-2\/","name":"Agn\u00e8s - Yoga &amp; co","isPartOf":{"@id":"https:\/\/yogaandco.fr\/site\/#website"},"primaryImageOfPage":{"@id":"https:\/\/yogaandco.fr\/site\/2021\/07\/01\/agnes-2\/#primaryimage"},"datePublished":"2021-07-01T17:19:43+00:00","dateModified":"2024-08-30T16:40:42+00:00","author":{"@id":"https:\/\/yogaandco.fr\/site\/#\/schema\/person\/93d67d8490afb6a2be75c0feab8cf548"},"breadcrumb":{"@id":"https:\/\/yogaandco.fr\/site\/2021\/07\/01\/agnes-2\/#breadcrumb"},"inLanguage":"fr-FR","potentialAction":[{"@type":"ReadAction","target":["https:\/\/yogaandco.fr\/site\/2021\/07\/01\/agnes-2\/"]}]},{"@type":"BreadcrumbList","@id":"https:\/\/yogaandco.fr\/site\/2021\/07\/01\/agnes-2\/#breadcrumb","itemListElement":[{"@type":"ListItem","position":1,"name":"Accueil","item":"https:\/\/yogaandco.fr\/site\/"},{"@type":"ListItem","position":2,"name":"Agn\u00e8s"}]},{"@type":"Person","@id":"https:\/\/yogaandco.fr\/site\/#\/schema\/person\/93d67d8490afb6a2be75c0feab8cf548","name":"prz","image":{"@type":"ImageObject","@id":"https:\/\/yogaandco.fr\/site\/#personlogo","inLanguage":"fr-FR","url":"https:\/\/secure.gravatar.com\/avatar\/40027cb7322f83783bcf089c1a92ba13?s=96&d=mm&r=g","contentUrl":"https:\/\/secure.gravatar.com\/avatar\/40027cb7322f83783bcf089c1a92ba13?s=96&d=mm&r=g","caption":"prz"},"sameAs":["http:\/\/briconum.fr"],"url":"https:\/\/yogaandco.fr\/site\/author\/prz\/"}]}},"_links":{"self":[{"href":"https:\/\/yogaandco.fr\/site\/wp-json\/wp\/v2\/posts\/9942"}],"collection":[{"href":"https:\/\/yogaandco.fr\/site\/wp-json\/wp\/v2\/posts"}],"about":[{"href":"https:\/\/yogaandco.fr\/site\/wp-json\/wp\/v2\/types\/post"}],"author":[{"embeddable":true,"href":"https:\/\/yogaandco.fr\/site\/wp-json\/wp\/v2\/users\/1"}],"replies":[{"embeddable":true,"href":"https:\/\/yogaandco.fr\/site\/wp-json\/wp\/v2\/comments?post=9942"}],"version-history":[{"count":12,"href":"https:\/\/yogaandco.fr\/site\/wp-json\/wp\/v2\/posts\/9942\/revisions"}],"predecessor-version":[{"id":12643,"href":"https:\/\/yogaandco.fr\/site\/wp-json\/wp\/v2\/posts\/9942\/revisions\/12643"}],"wp:featuredmedia":[{"embeddable":true,"href":"https:\/\/yogaandco.fr\/site\/wp-json\/wp\/v2\/media\/9943"}],"wp:attachment":[{"href":"https:\/\/yogaandco.fr\/site\/wp-json\/wp\/v2\/media?parent=9942"}],"wp:term":[{"taxonomy":"category","embeddable":true,"href":"https:\/\/yogaandco.fr\/site\/wp-json\/wp\/v2\/categories?post=9942"},{"taxonomy":"post_tag","embeddable":true,"href":"https:\/\/yogaandco.fr\/site\/wp-json\/wp\/v2\/tags?post=9942"}],"curies":[{"name":"wp","href":"https:\/\/api.w.org\/{rel}","templated":true}]}}